{"id":3181,"date":"2020-01-21T08:24:02","date_gmt":"2020-01-21T07:24:02","guid":{"rendered":"http:\/\/www.kfi.se\/wp-index.php\/?p=3181"},"modified":"2020-01-22T16:27:49","modified_gmt":"2020-01-22T15:27:49","slug":"seminarier-under-2020","status":"publish","type":"post","link":"https:\/\/www.kfi.se\/wp-index.php\/2020\/01\/21\/seminarier-under-2020\/","title":{"rendered":"Seminarier under 2020"},"content":{"rendered":"<p><strong>Seminarier under 2020<\/strong><\/p>\n<p><strong>Seminarium om ledarskap<br \/>\n<\/strong><strong>Hur leder vi egentligen offentlig verksamhet och vad spelar ledarskapet f\u00f6r roll i det?<br \/>\n<\/strong><span style=\"font-family: 'Noto Sans', sans-serif; font-size: 16px; font-style: normal; font-weight: 400;\"><strong>Medverkande:<\/strong> Johan Alvehus<\/span><strong style=\"font-family: 'Noto Sans', sans-serif; font-size: 16px; font-style: normal;\">,\u00a0<\/strong><span style=\"font-family: 'Noto Sans', sans-serif; font-size: 16px; font-style: normal; font-weight: 400;\">docent Lunds universitet<br \/>\n<\/span>24 januari 2020 kl. 09.00-12.00.<br \/>\n<a href=\"http:\/\/www.kfi.se\/wp-index.php\/2019\/12\/03\/seminarium-om-ledarskap-i-offentlig-sektor\/\">L\u00e4s mer h\u00e4r<\/a><\/p>\n<p><strong>New public management! Och sen d\u00e5?<\/strong> 27\/3 kl 9-12<br \/>\nUnder seminariet diskuteras NPM och post-npm som fenomen<br \/>\nMedverkande: Tom Karlsson<\/p>\n<p><strong>Innovation som policy och praktik<\/strong>, 29\/5 kl 9-12<br \/>\nPerspektiv och l\u00e4rdomar fr\u00e5n framtagandet av G\u00f6teborg Stads innovationsprogram<br \/>\nMedverkande: Jessica Algehed och Christian Jensen<\/p>\n<p><strong>Effektiva samarbeten, <\/strong>25\/9 kl 9-12<br \/>\nUnder seminariet diskuteras samarbeten mellan kommuner kring service och st\u00f6dtj\u00e4nster<br \/>\nMedverkande: Gustaf Kastberg<\/p>\n<p><strong>KFi-dagen<\/strong>, 27\/11 kl 9-15.30<br \/>\nUnder KFi-dagen presenteras utvecklingen g\u00e4llande ledarskap, organisation och ekonomi i den kommunala sektorn<\/p>\n<p><strong>Redovisningsdagen<\/strong>, 11\/12 kl 9-12<br \/>\nEtt seminarium d\u00e4r aktuella redovisningsfr\u00e5gor inom det kommunala omr\u00e5det diskuteras<br \/>\nMedverkande: Pierre Donatella<\/p>\n","protected":false},"excerpt":{"rendered":"<p>Seminarier under 2020 Seminarium om ledarskap Hur leder vi egentligen offentlig verksamhet och vad spelar ledarskapet f\u00f6r roll i det? Medverkande: Johan Alvehus,\u00a0docent Lunds universitet 24 januari 2020 kl. 09.00-12.00. L\u00e4s mer h\u00e4r New public management! Och sen d\u00e5? 27\/3 kl 9-12 Under seminariet diskuteras NPM och post-npm som fenomen Medverkande: Tom Karlsson Innovation som &hellip; <a href=\"https:\/\/www.kfi.se\/wp-index.php\/2020\/01\/21\/seminarier-under-2020\/\" class=\"more-link\">Forts\u00e4tt l\u00e4sa <span class=\"screen-reader-text\">Seminarier under 2020<\/span><\/a><\/p>\n","protected":false},"author":3,"featured_media":0,"comment_status":"closed","ping_status":"closed","sticky":false,"template":"","format":"standard","meta":{"footnotes":""},"categories":[1],"tags":[],"class_list":["post-3181","post","type-post","status-publish","format-standard","hentry","category-okategoriserade"],"_links":{"self":[{"href":"https:\/\/www.kfi.se\/wp-index.php\/wp-json\/wp\/v2\/posts\/3181"}],"collection":[{"href":"https:\/\/www.kfi.se\/wp-index.php\/wp-json\/wp\/v2\/posts"}],"about":[{"href":"https:\/\/www.kfi.se\/wp-index.php\/wp-json\/wp\/v2\/types\/post"}],"author":[{"embeddable":true,"href":"https:\/\/www.kfi.se\/wp-index.php\/wp-json\/wp\/v2\/users\/3"}],"replies":[{"embeddable":true,"href":"https:\/\/www.kfi.se\/wp-index.php\/wp-json\/wp\/v2\/comments?post=3181"}],"version-history":[{"count":2,"href":"https:\/\/www.kfi.se\/wp-index.php\/wp-json\/wp\/v2\/posts\/3181\/revisions"}],"predecessor-version":[{"id":3184,"href":"https:\/\/www.kfi.se\/wp-index.php\/wp-json\/wp\/v2\/posts\/3181\/revisions\/3184"}],"wp:attachment":[{"href":"https:\/\/www.kfi.se\/wp-index.php\/wp-json\/wp\/v2\/media?parent=3181"}],"wp:term":[{"taxonomy":"category","embeddable":true,"href":"https:\/\/www.kfi.se\/wp-index.php\/wp-json\/wp\/v2\/categories?post=3181"},{"taxonomy":"post_tag","embeddable":true,"href":"https:\/\/www.kfi.se\/wp-index.php\/wp-json\/wp\/v2\/tags?post=3181"}],"curies":[{"name":"wp","href":"https:\/\/api.w.org\/{rel}","templated":true}]}}