{"id":3210,"date":"2020-02-13T15:34:27","date_gmt":"2020-02-13T14:34:27","guid":{"rendered":"http:\/\/www.kfi.se\/wp-index.php\/?p=3210"},"modified":"2020-02-13T15:34:27","modified_gmt":"2020-02-13T14:34:27","slug":"new-public-management-och-sen-da","status":"publish","type":"post","link":"https:\/\/www.kfi.se\/wp-index.php\/2020\/02\/13\/new-public-management-och-sen-da\/","title":{"rendered":"New Public Management! Och sen d\u00e5?"},"content":{"rendered":"<p><strong>New Public Management! Och sen d\u00e5? <\/strong><\/p>\n<p>Tom Karlsson, Fil dr och forskare KFi<\/p>\n<p>Under seminariet l\u00e4ggs fokus p\u00e5 att diskutera vad NPM som fenomen egentligen \u00e4r, de underliggande teoretiska id\u00e9erna och vilka effekter det resulterat i. Vi kommer att g\u00e5 igenom de senaste 25 \u00e5rens forskning p\u00e5 f\u00e4ltet, men \u00e4ven blicka fram\u00e5t mot det som av forskare kallas <em>post-npm<\/em> f\u00f6r att se vilka alternativ som m\u00f6jligen \u00e4r under uppsegling.<\/p>\n<p>Seminariet \u00e4ger rum p\u00e5 G\u00f6teborgs universitet den 27 mars 2020 kl 9.00-12.00<\/p>\n<p><a href=\"http:\/\/www.kfi.se\/wp-content\/uploads\/2020\/02\/Seminarium-om-NPM-27-mars-2020.pdf\" target=\"_blank\" rel=\"noopener noreferrer\">L\u00e4sprogrammet h\u00e4r<\/a><\/p>\n<p>&nbsp;<\/p>\n<p><strong>N\u00e4r?<\/strong> 27 mars kl. 09.00-12.00. <strong>Anm\u00e4l dig senast den 19 mars<\/strong><\/p>\n<p><strong>Var?<\/strong> Sal C32, Handelsh\u00f6gskolan, Vasagatan 1, G\u00f6teborg<\/p>\n<p><strong>Hur?<\/strong> Anm\u00e4l dig h\u00e4r eller via KFi:s hemsida <a href=\"https:\/\/eur02.safelinks.protection.outlook.com\/?url=http%3A%2F%2Fwww.kfi.se%2F&amp;data=02%7C01%7Cjohan.berlin%40hv.se%7Cfa67030e99f34fda0d4f08d7b056ca4f%7Cbdbf82950fca48548b4b8f57a8ba2815%7C0%7C0%7C637171759121535455&amp;sdata=L%2F2%2BQI8hhHUx01j5nouVhLDULKRerx1mvWwWrDwkSSc%3D&amp;reserved=0\">www.kfi.se<\/a><\/p>\n<p><strong>Pris?<\/strong> Seminariet \u00e4r kostnadsfritt. Kaffe och fralla ing\u00e5r.<\/p>\n","protected":false},"excerpt":{"rendered":"<p>New Public Management! Och sen d\u00e5? Tom Karlsson, Fil dr och forskare KFi Under seminariet l\u00e4ggs fokus p\u00e5 att diskutera vad NPM som fenomen egentligen \u00e4r, de underliggande teoretiska id\u00e9erna och vilka effekter det resulterat i. Vi kommer att g\u00e5 igenom de senaste 25 \u00e5rens forskning p\u00e5 f\u00e4ltet, men \u00e4ven blicka fram\u00e5t mot det som &hellip; <a href=\"https:\/\/www.kfi.se\/wp-index.php\/2020\/02\/13\/new-public-management-och-sen-da\/\" class=\"more-link\">Forts\u00e4tt l\u00e4sa <span class=\"screen-reader-text\">New Public Management! Och sen d\u00e5?<\/span><\/a><\/p>\n","protected":false},"author":3,"featured_media":0,"comment_status":"closed","ping_status":"closed","sticky":false,"template":"","format":"standard","meta":{"footnotes":""},"categories":[1],"tags":[],"class_list":["post-3210","post","type-post","status-publish","format-standard","hentry","category-okategoriserade"],"_links":{"self":[{"href":"https:\/\/www.kfi.se\/wp-index.php\/wp-json\/wp\/v2\/posts\/3210"}],"collection":[{"href":"https:\/\/www.kfi.se\/wp-index.php\/wp-json\/wp\/v2\/posts"}],"about":[{"href":"https:\/\/www.kfi.se\/wp-index.php\/wp-json\/wp\/v2\/types\/post"}],"author":[{"embeddable":true,"href":"https:\/\/www.kfi.se\/wp-index.php\/wp-json\/wp\/v2\/users\/3"}],"replies":[{"embeddable":true,"href":"https:\/\/www.kfi.se\/wp-index.php\/wp-json\/wp\/v2\/comments?post=3210"}],"version-history":[{"count":1,"href":"https:\/\/www.kfi.se\/wp-index.php\/wp-json\/wp\/v2\/posts\/3210\/revisions"}],"predecessor-version":[{"id":3212,"href":"https:\/\/www.kfi.se\/wp-index.php\/wp-json\/wp\/v2\/posts\/3210\/revisions\/3212"}],"wp:attachment":[{"href":"https:\/\/www.kfi.se\/wp-index.php\/wp-json\/wp\/v2\/media?parent=3210"}],"wp:term":[{"taxonomy":"category","embeddable":true,"href":"https:\/\/www.kfi.se\/wp-index.php\/wp-json\/wp\/v2\/categories?post=3210"},{"taxonomy":"post_tag","embeddable":true,"href":"https:\/\/www.kfi.se\/wp-index.php\/wp-json\/wp\/v2\/tags?post=3210"}],"curies":[{"name":"wp","href":"https:\/\/api.w.org\/{rel}","templated":true}]}}