{"id":3328,"date":"2020-12-01T12:00:56","date_gmt":"2020-12-01T11:00:56","guid":{"rendered":"http:\/\/www.kfi.se\/wp-index.php\/?p=3328"},"modified":"2020-12-18T22:53:20","modified_gmt":"2020-12-18T21:53:20","slug":"kfi-dagarna-2020","status":"publish","type":"post","link":"https:\/\/www.kfi.se\/wp-index.php\/2020\/12\/01\/kfi-dagarna-2020\/","title":{"rendered":"KFi-dagarna 2020"},"content":{"rendered":"<p><strong>KFi-dagarna 2020\u00a0<\/strong><\/p>\n<p><a href=\"https:\/\/www.kfi.se\/wp-content\/uploads\/2020\/12\/Bilder-KFi-dagar-2020.zip\" target=\"_blank\" rel=\"noopener noreferrer\">Ladda ned alla bilderna som visades vid KFi-dagarna h\u00e4r (zip-fil)<\/a><\/p>\n<p><strong>Tre tillf\u00e4llen<\/strong><br \/>\n27 november kl 13-15<br \/>\n4 december\u00a0 kl 13-15<br \/>\n11 december kl 13-15<\/p>\n<p>Vi forts\u00e4tter i \u00e5r traditionen med att f\u00f6lja den aktuella utvecklingen g\u00e4llande ledarskap, organisation och ekonomi i den kommunala sektorn. I \u00e5r har vi anpassat oss efter r\u00e5dande l\u00e4ge och ersatt KFi-dagen med KFi-dagarna: tre fullsp\u00e4ckade seminarier via zoom. Under dagarna behandlas bland annat studier kring innovation, tillitsstyrning, backsourcing, sociala investeringar, effekter av Corona, konkurrensdemokrati och valet i USA.<\/p>\n<p>Samtliga tre KFi-dagar \u00e4r gratis.<\/p>\n<p><a href=\"http:\/\/www.kfi.se\/wp-content\/uploads\/2020\/09\/Inbjudan-KFi-dagarna-2020.pdf\" target=\"_blank\" rel=\"noopener noreferrer\">L\u00e4s mer om KFi-dagarna i v\u00e5rt program\u00a0<\/a><\/p>\n<p><a href=\"http:\/\/www.kfi.se\/wp-index.php\/anmalan-aktivitet\/\">Anm\u00e4l dig till KFi-dagarna redan nu &#8211; s\u00e5 skickar vi ut en digital l\u00e4nk s\u00e5 ni kan f\u00f6lja f\u00f6redragen via datorn<\/a><\/p>\n<p>V\u00e4lkommen!<\/p>\n","protected":false},"excerpt":{"rendered":"<p>KFi-dagarna 2020\u00a0 Ladda ned alla bilderna som visades vid KFi-dagarna h\u00e4r (zip-fil) Tre tillf\u00e4llen 27 november kl 13-15 4 december\u00a0 kl 13-15 11 december kl 13-15 Vi forts\u00e4tter i \u00e5r traditionen med att f\u00f6lja den aktuella utvecklingen g\u00e4llande ledarskap, organisation och ekonomi i den kommunala sektorn. I \u00e5r har vi anpassat oss efter r\u00e5dande l\u00e4ge &hellip; <a href=\"https:\/\/www.kfi.se\/wp-index.php\/2020\/12\/01\/kfi-dagarna-2020\/\" class=\"more-link\">Forts\u00e4tt l\u00e4sa <span class=\"screen-reader-text\">KFi-dagarna 2020<\/span><\/a><\/p>\n","protected":false},"author":3,"featured_media":0,"comment_status":"closed","ping_status":"closed","sticky":false,"template":"","format":"standard","meta":{"footnotes":""},"categories":[1],"tags":[],"class_list":["post-3328","post","type-post","status-publish","format-standard","hentry","category-okategoriserade"],"_links":{"self":[{"href":"https:\/\/www.kfi.se\/wp-index.php\/wp-json\/wp\/v2\/posts\/3328"}],"collection":[{"href":"https:\/\/www.kfi.se\/wp-index.php\/wp-json\/wp\/v2\/posts"}],"about":[{"href":"https:\/\/www.kfi.se\/wp-index.php\/wp-json\/wp\/v2\/types\/post"}],"author":[{"embeddable":true,"href":"https:\/\/www.kfi.se\/wp-index.php\/wp-json\/wp\/v2\/users\/3"}],"replies":[{"embeddable":true,"href":"https:\/\/www.kfi.se\/wp-index.php\/wp-json\/wp\/v2\/comments?post=3328"}],"version-history":[{"count":7,"href":"https:\/\/www.kfi.se\/wp-index.php\/wp-json\/wp\/v2\/posts\/3328\/revisions"}],"predecessor-version":[{"id":3748,"href":"https:\/\/www.kfi.se\/wp-index.php\/wp-json\/wp\/v2\/posts\/3328\/revisions\/3748"}],"wp:attachment":[{"href":"https:\/\/www.kfi.se\/wp-index.php\/wp-json\/wp\/v2\/media?parent=3328"}],"wp:term":[{"taxonomy":"category","embeddable":true,"href":"https:\/\/www.kfi.se\/wp-index.php\/wp-json\/wp\/v2\/categories?post=3328"},{"taxonomy":"post_tag","embeddable":true,"href":"https:\/\/www.kfi.se\/wp-index.php\/wp-json\/wp\/v2\/tags?post=3328"}],"curies":[{"name":"wp","href":"https:\/\/api.w.org\/{rel}","templated":true}]}}