{"id":3388,"date":"2020-09-14T21:20:54","date_gmt":"2020-09-14T19:20:54","guid":{"rendered":"http:\/\/www.kfi.se\/wp-index.php\/?p=3388"},"modified":"2020-09-14T21:23:33","modified_gmt":"2020-09-14T19:23:33","slug":"kommunen-som-innovationsaktor","status":"publish","type":"post","link":"https:\/\/www.kfi.se\/wp-index.php\/2020\/09\/14\/kommunen-som-innovationsaktor\/","title":{"rendered":"Kommunen som innovationsakt\u00f6r"},"content":{"rendered":"<p style=\"background: white; margin: 4.5pt 0cm 4.5pt 0cm;\"><b><span style=\"font-size: 10.5pt; font-family: 'Arial',sans-serif; color: #333333;\">Seminarium om Kommunen som innovationsakt\u00f6r<\/span><\/b><\/p>\n<p><span style=\"font-size: 10.5pt; font-family: 'Arial',sans-serif; color: #333333;\"><br \/>\n<strong>Medverkande:<\/strong> Jessica Algehed och Christian Jensen<\/span><\/p>\n<p><span style=\"font-size: 10.5pt; font-family: 'Arial',sans-serif; color: #333333;\">Kommuner f\u00f6rv\u00e4ntas idag inte bara ansvara f\u00f6r stabiliserande v\u00e4rden som likv\u00e4rdighet och r\u00e4ttss\u00e4kerhet. De f\u00f6rv\u00e4ntas numera i h\u00f6g grad ocks\u00e5 t\u00e4nka nytt och innovera och h\u00e4rigenom agera utanf\u00f6r befintliga ramar och organisatoriska boxar. Under seminariet kommer innovation att diskuteras i en kommunal kontext, bland annat utifr\u00e5n vilka kort- och l\u00e5ngsiktiga effekter ett \u00f6kat fokus p\u00e5 kommuner som innovationsakt\u00f6rer kan t\u00e4nkas medf\u00f6ra. Utg\u00e5ngspunkt tas i G\u00f6teborg Stads innovationsprogramarbete och en diskussion f\u00f6rs ocks\u00e5 kring olika innovativa \u00e5tg\u00e4rder kommuner g\u00f6r under r\u00e5dande Corona pandemi.<\/span><\/p>\n<p>Seminariet \u00e4r gratis och \u00e4ger rum via Zoom den 23 oktober kl 09.00-11.00<\/p>\n<p>&nbsp;<\/p>\n<p><a href=\"http:\/\/www.kfi.se\/wp-content\/uploads\/2020\/09\/Inbjudan-seminarium-om-Innovationer.pdf\" target=\"_blank\" rel=\"noopener noreferrer\">L\u00e4s mer om seminariet h\u00e4r (PDF)<\/a><\/p>\n<p><a href=\"http:\/\/www.kfi.se\/wp-index.php\/anmalan-aktivitet\/\">G\u00e5 till anm\u00e4lan h\u00e4r\u00a0<\/a><\/p>\n<p><strong>Varmt v\u00e4lkommen!<\/strong><\/p>\n","protected":false},"excerpt":{"rendered":"<p>Seminarium om Kommunen som innovationsakt\u00f6r Medverkande: Jessica Algehed och Christian Jensen Kommuner f\u00f6rv\u00e4ntas idag inte bara ansvara f\u00f6r stabiliserande v\u00e4rden som likv\u00e4rdighet och r\u00e4ttss\u00e4kerhet. De f\u00f6rv\u00e4ntas numera i h\u00f6g grad ocks\u00e5 t\u00e4nka nytt och innovera och h\u00e4rigenom agera utanf\u00f6r befintliga ramar och organisatoriska boxar. Under seminariet kommer innovation att diskuteras i en kommunal kontext, bland &hellip; <a href=\"https:\/\/www.kfi.se\/wp-index.php\/2020\/09\/14\/kommunen-som-innovationsaktor\/\" class=\"more-link\">Forts\u00e4tt l\u00e4sa <span class=\"screen-reader-text\">Kommunen som innovationsakt\u00f6r<\/span><\/a><\/p>\n","protected":false},"author":3,"featured_media":0,"comment_status":"closed","ping_status":"closed","sticky":false,"template":"","format":"standard","meta":{"footnotes":""},"categories":[1],"tags":[],"class_list":["post-3388","post","type-post","status-publish","format-standard","hentry","category-okategoriserade"],"_links":{"self":[{"href":"https:\/\/www.kfi.se\/wp-index.php\/wp-json\/wp\/v2\/posts\/3388"}],"collection":[{"href":"https:\/\/www.kfi.se\/wp-index.php\/wp-json\/wp\/v2\/posts"}],"about":[{"href":"https:\/\/www.kfi.se\/wp-index.php\/wp-json\/wp\/v2\/types\/post"}],"author":[{"embeddable":true,"href":"https:\/\/www.kfi.se\/wp-index.php\/wp-json\/wp\/v2\/users\/3"}],"replies":[{"embeddable":true,"href":"https:\/\/www.kfi.se\/wp-index.php\/wp-json\/wp\/v2\/comments?post=3388"}],"version-history":[{"count":5,"href":"https:\/\/www.kfi.se\/wp-index.php\/wp-json\/wp\/v2\/posts\/3388\/revisions"}],"predecessor-version":[{"id":3393,"href":"https:\/\/www.kfi.se\/wp-index.php\/wp-json\/wp\/v2\/posts\/3388\/revisions\/3393"}],"wp:attachment":[{"href":"https:\/\/www.kfi.se\/wp-index.php\/wp-json\/wp\/v2\/media?parent=3388"}],"wp:term":[{"taxonomy":"category","embeddable":true,"href":"https:\/\/www.kfi.se\/wp-index.php\/wp-json\/wp\/v2\/categories?post=3388"},{"taxonomy":"post_tag","embeddable":true,"href":"https:\/\/www.kfi.se\/wp-index.php\/wp-json\/wp\/v2\/tags?post=3388"}],"curies":[{"name":"wp","href":"https:\/\/api.w.org\/{rel}","templated":true}]}}