{"id":3400,"date":"2020-09-15T15:26:12","date_gmt":"2020-09-15T13:26:12","guid":{"rendered":"http:\/\/www.kfi.se\/wp-index.php\/?p=3400"},"modified":"2020-09-15T15:26:12","modified_gmt":"2020-09-15T13:26:12","slug":"ny-rapport-professionell-arbetsdelning-under-forandring","status":"publish","type":"post","link":"https:\/\/www.kfi.se\/wp-index.php\/2020\/09\/15\/ny-rapport-professionell-arbetsdelning-under-forandring\/","title":{"rendered":"Ny rapport &#8211; Professionell arbetsdelning under f\u00f6r\u00e4ndring"},"content":{"rendered":"<p><strong>Professionell arbetsdelning under f\u00f6r\u00e4ndring<\/strong><br \/>\n-en studie om gr\u00e4nslandsarbete av l\u00e4rare och avlastande yrkespersoner i svensk skola<\/p>\n<p><strong>Av:<\/strong> Axel Christoffersson<\/p>\n<p>Syftet med rapporten \u00e4r att skapa f\u00f6rst\u00e5else kring hur professionella och avlastande yrkespersoner agerar och f\u00f6rh\u00e5ller sig till gr\u00e4nserna mellan yrkesgrupperna. Rapporten bidrar med resonemang om gr\u00e4nslandsarbete vid inr\u00e4ttande av avlastande yrkesroller och identifierar tre olika typer av gr\u00e4nslandsagerande av l\u00e4rare och l\u00e4raravlastande yrkespersoner: uppr\u00e4tth\u00e5llande och tydligg\u00f6rande av gr\u00e4nser, \u00f6verskridande av gr\u00e4nser samt uppr\u00e4tth\u00e5llande av intressesf\u00e4r. Den hierarkiska styrningen av skolan skapar genom rektorer och dess koppling till lagstiftning relativt stabila officiella jurisdiktioner som bidrar till att gr\u00e4nslandskonflikter \u00e4r mer undantag \u00e4n regel. Dessutom tycks klientk\u00e4nnedom generera operationellt kapital f\u00f6r avlastande yrkespersoner, som i kombination med relativt sj\u00e4lvst\u00e4ndig yrkesut\u00f6vning kan f\u00e5 viktiga och givande roller i skolan.<\/p>\n<p><a href=\"http:\/\/www.kfi.se\/wp-index.php\/publikationer\/kfi-rapporter\/\">L\u00e4s rapporten h\u00e4r\u00a0<\/a><\/p>\n<p>&nbsp;<\/p>\n<p>&nbsp;<\/p>\n","protected":false},"excerpt":{"rendered":"<p>Professionell arbetsdelning under f\u00f6r\u00e4ndring -en studie om gr\u00e4nslandsarbete av l\u00e4rare och avlastande yrkespersoner i svensk skola Av: Axel Christoffersson Syftet med rapporten \u00e4r att skapa f\u00f6rst\u00e5else kring hur professionella och avlastande yrkespersoner agerar och f\u00f6rh\u00e5ller sig till gr\u00e4nserna mellan yrkesgrupperna. Rapporten bidrar med resonemang om gr\u00e4nslandsarbete vid inr\u00e4ttande av avlastande yrkesroller och identifierar tre olika &hellip; <a href=\"https:\/\/www.kfi.se\/wp-index.php\/2020\/09\/15\/ny-rapport-professionell-arbetsdelning-under-forandring\/\" class=\"more-link\">Forts\u00e4tt l\u00e4sa <span class=\"screen-reader-text\">Ny rapport &#8211; Professionell arbetsdelning under f\u00f6r\u00e4ndring<\/span><\/a><\/p>\n","protected":false},"author":3,"featured_media":0,"comment_status":"closed","ping_status":"closed","sticky":false,"template":"","format":"standard","meta":{"footnotes":""},"categories":[1],"tags":[],"class_list":["post-3400","post","type-post","status-publish","format-standard","hentry","category-okategoriserade"],"_links":{"self":[{"href":"https:\/\/www.kfi.se\/wp-index.php\/wp-json\/wp\/v2\/posts\/3400"}],"collection":[{"href":"https:\/\/www.kfi.se\/wp-index.php\/wp-json\/wp\/v2\/posts"}],"about":[{"href":"https:\/\/www.kfi.se\/wp-index.php\/wp-json\/wp\/v2\/types\/post"}],"author":[{"embeddable":true,"href":"https:\/\/www.kfi.se\/wp-index.php\/wp-json\/wp\/v2\/users\/3"}],"replies":[{"embeddable":true,"href":"https:\/\/www.kfi.se\/wp-index.php\/wp-json\/wp\/v2\/comments?post=3400"}],"version-history":[{"count":1,"href":"https:\/\/www.kfi.se\/wp-index.php\/wp-json\/wp\/v2\/posts\/3400\/revisions"}],"predecessor-version":[{"id":3401,"href":"https:\/\/www.kfi.se\/wp-index.php\/wp-json\/wp\/v2\/posts\/3400\/revisions\/3401"}],"wp:attachment":[{"href":"https:\/\/www.kfi.se\/wp-index.php\/wp-json\/wp\/v2\/media?parent=3400"}],"wp:term":[{"taxonomy":"category","embeddable":true,"href":"https:\/\/www.kfi.se\/wp-index.php\/wp-json\/wp\/v2\/categories?post=3400"},{"taxonomy":"post_tag","embeddable":true,"href":"https:\/\/www.kfi.se\/wp-index.php\/wp-json\/wp\/v2\/tags?post=3400"}],"curies":[{"name":"wp","href":"https:\/\/api.w.org\/{rel}","templated":true}]}}