{"id":3410,"date":"2020-09-18T12:00:26","date_gmt":"2020-09-18T10:00:26","guid":{"rendered":"http:\/\/www.kfi.se\/wp-index.php\/?p=3410"},"modified":"2020-09-17T10:23:13","modified_gmt":"2020-09-17T08:23:13","slug":"redovisningsdagen-2020","status":"publish","type":"post","link":"https:\/\/www.kfi.se\/wp-index.php\/2020\/09\/18\/redovisningsdagen-2020\/","title":{"rendered":"Redovisningsdagen 2020"},"content":{"rendered":"<p><strong>Redovisningsdagen 2020<\/strong><\/p>\n<p>Medverkande: Pierre Donatella, Mattias Haraldsson och Caroline Lepp\u00e4nen<\/p>\n<p>&nbsp;<\/p>\n<p>P\u00e5 \u00e5rets redovisningsdag kommer Mattias Haraldsson h\u00e5lla en presentation under rubriken \u201dKommunala koncerner \u2013 utmaningar kring redovisning och styrning\u201d. Mattias arbetar bland annat med f\u00f6rvaltningsber\u00e4ttelsen och har \u00e4ven varit anlitad av Kommunalekonomiska f\u00f6reningen f\u00f6r att belysa redovisningspraxis. Pierre Donatella och Caroline Lepp\u00e4nen kommer att redovisa en studie av det som brukar ben\u00e4mnas popul\u00e4rrapport, f\u00f6rkortad \u00e5rsredovisning eller f\u00f6renklad \u00e5rsredovisning. Oavsett ben\u00e4mning s\u00e5 handlar det om ett f\u00f6rs\u00f6k att f\u00e5 till st\u00e5nd en enklare, och mer direkt rapportering, till kommunens inv\u00e5nare.<\/p>\n<p>Evenemanget \u00e4r gratis.<\/p>\n<p>Redovisningsdagen \u00e4ger rum via Zoom den 10 december 2020, kl 10.00-12.00<\/p>\n<p><a href=\"http:\/\/www.kfi.se\/wp-content\/uploads\/2020\/09\/Redovisningsdagen-2020.pdf\" target=\"_blank\" rel=\"noopener noreferrer\">L\u00e4s inbjudan (PDF)<\/a><\/p>\n<p><a href=\"http:\/\/www.kfi.se\/wp-index.php\/anmalan-aktivitet\/\">G\u00e5 vidare till anm\u00e4lan\u00a0<\/a><\/p>\n<p>Varmt v\u00e4lkommen<\/p>\n","protected":false},"excerpt":{"rendered":"<p>Redovisningsdagen 2020 Medverkande: Pierre Donatella, Mattias Haraldsson och Caroline Lepp\u00e4nen &nbsp; P\u00e5 \u00e5rets redovisningsdag kommer Mattias Haraldsson h\u00e5lla en presentation under rubriken \u201dKommunala koncerner \u2013 utmaningar kring redovisning och styrning\u201d. Mattias arbetar bland annat med f\u00f6rvaltningsber\u00e4ttelsen och har \u00e4ven varit anlitad av Kommunalekonomiska f\u00f6reningen f\u00f6r att belysa redovisningspraxis. Pierre Donatella och Caroline Lepp\u00e4nen kommer att &hellip; <a href=\"https:\/\/www.kfi.se\/wp-index.php\/2020\/09\/18\/redovisningsdagen-2020\/\" class=\"more-link\">Forts\u00e4tt l\u00e4sa <span class=\"screen-reader-text\">Redovisningsdagen 2020<\/span><\/a><\/p>\n","protected":false},"author":3,"featured_media":0,"comment_status":"closed","ping_status":"closed","sticky":false,"template":"","format":"standard","meta":{"footnotes":""},"categories":[1],"tags":[],"class_list":["post-3410","post","type-post","status-publish","format-standard","hentry","category-okategoriserade"],"_links":{"self":[{"href":"https:\/\/www.kfi.se\/wp-index.php\/wp-json\/wp\/v2\/posts\/3410"}],"collection":[{"href":"https:\/\/www.kfi.se\/wp-index.php\/wp-json\/wp\/v2\/posts"}],"about":[{"href":"https:\/\/www.kfi.se\/wp-index.php\/wp-json\/wp\/v2\/types\/post"}],"author":[{"embeddable":true,"href":"https:\/\/www.kfi.se\/wp-index.php\/wp-json\/wp\/v2\/users\/3"}],"replies":[{"embeddable":true,"href":"https:\/\/www.kfi.se\/wp-index.php\/wp-json\/wp\/v2\/comments?post=3410"}],"version-history":[{"count":3,"href":"https:\/\/www.kfi.se\/wp-index.php\/wp-json\/wp\/v2\/posts\/3410\/revisions"}],"predecessor-version":[{"id":3414,"href":"https:\/\/www.kfi.se\/wp-index.php\/wp-json\/wp\/v2\/posts\/3410\/revisions\/3414"}],"wp:attachment":[{"href":"https:\/\/www.kfi.se\/wp-index.php\/wp-json\/wp\/v2\/media?parent=3410"}],"wp:term":[{"taxonomy":"category","embeddable":true,"href":"https:\/\/www.kfi.se\/wp-index.php\/wp-json\/wp\/v2\/categories?post=3410"},{"taxonomy":"post_tag","embeddable":true,"href":"https:\/\/www.kfi.se\/wp-index.php\/wp-json\/wp\/v2\/tags?post=3410"}],"curies":[{"name":"wp","href":"https:\/\/api.w.org\/{rel}","templated":true}]}}