{"id":3523,"date":"2020-10-08T11:57:37","date_gmt":"2020-10-08T09:57:37","guid":{"rendered":"http:\/\/www.kfi.se\/wp-index.php\/?p=3523"},"modified":"2020-10-08T11:57:37","modified_gmt":"2020-10-08T09:57:37","slug":"ny-rapport-161-om-lagen-om-samverkan-vid-utskrivning-fran-sluten-halso-och-sjukvard","status":"publish","type":"post","link":"https:\/\/www.kfi.se\/wp-index.php\/2020\/10\/08\/ny-rapport-161-om-lagen-om-samverkan-vid-utskrivning-fran-sluten-halso-och-sjukvard\/","title":{"rendered":"Ny rapport 161 &#8211; om lagen om samverkan vid utskrivning fr\u00e5n sluten h\u00e4lso- och sjukv\u00e5rd"},"content":{"rendered":"<p><strong>KFi-rapport 161<\/strong><\/p>\n<p><strong>En studie av implementeringen av lagen om samverkan vid utskrivning fr\u00e5n sluten h\u00e4lso- och sjukv\u00e5rd i V\u00e4stra G\u00f6talandsregionen<\/strong><\/p>\n<p>Christian Jensen, Mikael L\u00f6fstr\u00f6m och Viveka Nilsson<\/p>\n<p>Rapporten \u00e4r en andra delrapportering av en studie som f\u00f6ljer implementeringen av Lagen om samverkan vid utskrivning fr\u00e5n sluten h\u00e4lso- och sjukv\u00e5rd (2017:612) i V\u00e4stra G\u00f6talandsregionen. Syftet med studien \u00e4r att beskriva och analysera hur implementeringen organiseras mellan slutenv\u00e5rden, \u00f6ppenv\u00e5rden och kommuner. Studien belyser samtidigt den komplexitet som f\u00f6religger i samverkan mellan de olika v\u00e5rdgivarna samt inneb\u00f6rden av och utmaningar med samverkanslagen.<\/p>\n<p>&nbsp;<\/p>\n<p><a href=\"http:\/\/www.kfi.se\/wp-content\/uploads\/2020\/10\/KFi-rapport-161.pdf\" target=\"_blank\" rel=\"noopener noreferrer\">L\u00e4s rapporten h\u00e4r<\/a><\/p>\n<p>&nbsp;<\/p>\n","protected":false},"excerpt":{"rendered":"<p>KFi-rapport 161 En studie av implementeringen av lagen om samverkan vid utskrivning fr\u00e5n sluten h\u00e4lso- och sjukv\u00e5rd i V\u00e4stra G\u00f6talandsregionen Christian Jensen, Mikael L\u00f6fstr\u00f6m och Viveka Nilsson Rapporten \u00e4r en andra delrapportering av en studie som f\u00f6ljer implementeringen av Lagen om samverkan vid utskrivning fr\u00e5n sluten h\u00e4lso- och sjukv\u00e5rd (2017:612) i V\u00e4stra G\u00f6talandsregionen. Syftet med &hellip; <a href=\"https:\/\/www.kfi.se\/wp-index.php\/2020\/10\/08\/ny-rapport-161-om-lagen-om-samverkan-vid-utskrivning-fran-sluten-halso-och-sjukvard\/\" class=\"more-link\">Forts\u00e4tt l\u00e4sa <span class=\"screen-reader-text\">Ny rapport 161 &#8211; om lagen om samverkan vid utskrivning fr\u00e5n sluten h\u00e4lso- och sjukv\u00e5rd<\/span><\/a><\/p>\n","protected":false},"author":3,"featured_media":0,"comment_status":"closed","ping_status":"closed","sticky":false,"template":"","format":"standard","meta":{"footnotes":""},"categories":[1],"tags":[],"class_list":["post-3523","post","type-post","status-publish","format-standard","hentry","category-okategoriserade"],"_links":{"self":[{"href":"https:\/\/www.kfi.se\/wp-index.php\/wp-json\/wp\/v2\/posts\/3523"}],"collection":[{"href":"https:\/\/www.kfi.se\/wp-index.php\/wp-json\/wp\/v2\/posts"}],"about":[{"href":"https:\/\/www.kfi.se\/wp-index.php\/wp-json\/wp\/v2\/types\/post"}],"author":[{"embeddable":true,"href":"https:\/\/www.kfi.se\/wp-index.php\/wp-json\/wp\/v2\/users\/3"}],"replies":[{"embeddable":true,"href":"https:\/\/www.kfi.se\/wp-index.php\/wp-json\/wp\/v2\/comments?post=3523"}],"version-history":[{"count":1,"href":"https:\/\/www.kfi.se\/wp-index.php\/wp-json\/wp\/v2\/posts\/3523\/revisions"}],"predecessor-version":[{"id":3525,"href":"https:\/\/www.kfi.se\/wp-index.php\/wp-json\/wp\/v2\/posts\/3523\/revisions\/3525"}],"wp:attachment":[{"href":"https:\/\/www.kfi.se\/wp-index.php\/wp-json\/wp\/v2\/media?parent=3523"}],"wp:term":[{"taxonomy":"category","embeddable":true,"href":"https:\/\/www.kfi.se\/wp-index.php\/wp-json\/wp\/v2\/categories?post=3523"},{"taxonomy":"post_tag","embeddable":true,"href":"https:\/\/www.kfi.se\/wp-index.php\/wp-json\/wp\/v2\/tags?post=3523"}],"curies":[{"name":"wp","href":"https:\/\/api.w.org\/{rel}","templated":true}]}}