{"id":3725,"date":"2020-11-27T08:57:08","date_gmt":"2020-11-27T07:57:08","guid":{"rendered":"https:\/\/www.kfi.se\/wp-index.php\/?p=3725"},"modified":"2020-11-27T08:57:08","modified_gmt":"2020-11-27T07:57:08","slug":"kommuner-i-coronatider-ett-forsknings-och-utvarderingsprogram","status":"publish","type":"post","link":"https:\/\/www.kfi.se\/wp-index.php\/2020\/11\/27\/kommuner-i-coronatider-ett-forsknings-och-utvarderingsprogram\/","title":{"rendered":"Kommuner i Coronatider &#8211; ett forsknings- och utv\u00e4rderingsprogram"},"content":{"rendered":"<p><strong>Kommuner i Coronatider (KomCo)<br \/>\n&#8211; ett forsknings- och <\/strong><strong>utv\u00e4rderingsprogram<\/strong><\/p>\n<p><strong>Bakgrund:<\/strong> Behov av l\u00e4rande kring hantering av Corona<br \/>\n<strong>Syfte:<\/strong> Generera kunskap genom utv\u00e4rderingar och reflektion<br \/>\n<strong>Metod:<\/strong> Framtagen modell med sj\u00e4lvv\u00e4rderingar och intervjuer<\/p>\n<p>Coronapandemin har st\u00e4llt stora krav p\u00e5 kommuner och regioner. Kommunforskning i V\u00e4stsverige (KFi) har mot bakgrund av detta initierat flera forskningsinitiativ som syftar till att ta vara p\u00e5 de erfarenheter som gjorts och g\u00f6rs. KomCo (Kommuner i Coronatider) bygger p\u00e5 att forskning genomf\u00f6rs med en st\u00f6djande och samtidigt kritiskt utv\u00e4rderande ansats. Genom ett deltagande i programmet erh\u00e5lls en m\u00f6jlighet att inte bara l\u00e4ra om den egna verksamhetens kapacitet, utan ocks\u00e5 att dra l\u00e4rdom av andras f\u00f6ruts\u00e4ttningar och arbete. Fokus kommer att ligga b\u00e5de p\u00e5 traditionella ansvarsfr\u00e5gor, arbetsdelning och koordinering och p\u00e5 ett fram\u00e5tsyftande l\u00e4rande.<\/p>\n<p><a href=\"https:\/\/www.kfi.se\/wp-content\/uploads\/2020\/11\/Inbjudan-KomCo.pdf\" target=\"_blank\" rel=\"noopener noreferrer\">L\u00e4s inbjudan h\u00e4r (PDF)<\/a><\/p>\n<p>&nbsp;<\/p>\n","protected":false},"excerpt":{"rendered":"<p>Kommuner i Coronatider (KomCo) &#8211; ett forsknings- och utv\u00e4rderingsprogram Bakgrund: Behov av l\u00e4rande kring hantering av Corona Syfte: Generera kunskap genom utv\u00e4rderingar och reflektion Metod: Framtagen modell med sj\u00e4lvv\u00e4rderingar och intervjuer Coronapandemin har st\u00e4llt stora krav p\u00e5 kommuner och regioner. Kommunforskning i V\u00e4stsverige (KFi) har mot bakgrund av detta initierat flera forskningsinitiativ som syftar till &hellip; <a href=\"https:\/\/www.kfi.se\/wp-index.php\/2020\/11\/27\/kommuner-i-coronatider-ett-forsknings-och-utvarderingsprogram\/\" class=\"more-link\">Forts\u00e4tt l\u00e4sa <span class=\"screen-reader-text\">Kommuner i Coronatider &#8211; ett forsknings- och utv\u00e4rderingsprogram<\/span><\/a><\/p>\n","protected":false},"author":3,"featured_media":0,"comment_status":"closed","ping_status":"closed","sticky":false,"template":"","format":"standard","meta":{"footnotes":""},"categories":[1],"tags":[],"class_list":["post-3725","post","type-post","status-publish","format-standard","hentry","category-okategoriserade"],"_links":{"self":[{"href":"https:\/\/www.kfi.se\/wp-index.php\/wp-json\/wp\/v2\/posts\/3725"}],"collection":[{"href":"https:\/\/www.kfi.se\/wp-index.php\/wp-json\/wp\/v2\/posts"}],"about":[{"href":"https:\/\/www.kfi.se\/wp-index.php\/wp-json\/wp\/v2\/types\/post"}],"author":[{"embeddable":true,"href":"https:\/\/www.kfi.se\/wp-index.php\/wp-json\/wp\/v2\/users\/3"}],"replies":[{"embeddable":true,"href":"https:\/\/www.kfi.se\/wp-index.php\/wp-json\/wp\/v2\/comments?post=3725"}],"version-history":[{"count":1,"href":"https:\/\/www.kfi.se\/wp-index.php\/wp-json\/wp\/v2\/posts\/3725\/revisions"}],"predecessor-version":[{"id":3727,"href":"https:\/\/www.kfi.se\/wp-index.php\/wp-json\/wp\/v2\/posts\/3725\/revisions\/3727"}],"wp:attachment":[{"href":"https:\/\/www.kfi.se\/wp-index.php\/wp-json\/wp\/v2\/media?parent=3725"}],"wp:term":[{"taxonomy":"category","embeddable":true,"href":"https:\/\/www.kfi.se\/wp-index.php\/wp-json\/wp\/v2\/categories?post=3725"},{"taxonomy":"post_tag","embeddable":true,"href":"https:\/\/www.kfi.se\/wp-index.php\/wp-json\/wp\/v2\/tags?post=3725"}],"curies":[{"name":"wp","href":"https:\/\/api.w.org\/{rel}","templated":true}]}}