{"id":3754,"date":"2020-12-18T23:12:38","date_gmt":"2020-12-18T22:12:38","guid":{"rendered":"https:\/\/www.kfi.se\/wp-index.php\/?p=3754"},"modified":"2020-12-18T23:12:38","modified_gmt":"2020-12-18T22:12:38","slug":"ny-rapport-utmaningen-att-samverka-kring-implementering","status":"publish","type":"post","link":"https:\/\/www.kfi.se\/wp-index.php\/2020\/12\/18\/ny-rapport-utmaningen-att-samverka-kring-implementering\/","title":{"rendered":"Ny rapport &#8211; Utmaningen att samverka kring implementering"},"content":{"rendered":"<p><strong>KFi-rapport 163<\/strong><\/p>\n<p><strong>Utmaningen att samverka kring implementering<\/strong><\/p>\n<p>\u2013 en enk\u00e4tstudie om att genomf\u00f6ra lagen om samverkan vid utskrivning fr\u00e5n slutenv\u00e5rden<\/p>\n<p>Mikael L\u00f6fstr\u00f6m<\/p>\n<p>Rapporten \u00e4r en tredje delrapportering av en studie som f\u00f6ljer implementeringen av Lagen om samverkan vid utskrivning fr\u00e5n sluten h\u00e4lso- och sjukv\u00e5rd (2017:612) i V\u00e4stra G\u00f6talandsregionen.<\/p>\n<p>Syftet med studien \u00e4r att beskriva och analysera hur implementeringen organiseras mellan slutenv\u00e5rden, \u00f6ppenv\u00e5rden och kommuner.<\/p>\n<p>Resultatet av enk\u00e4tstudien visar att den regionala rutinen som implementerats f\u00f6r att kunna arbeta i enlighet med samverkanslagen p\u00e5 kommuner, sjukhus och v\u00e5rdcentraler i huvudsak \u00e4r k\u00e4nd och accepterad bland medarbetarna. D\u00e4remot \u00e4r det inte lika klart i vilken omfattning akt\u00f6rerna f\u00f6ljer rutinen, har utvecklat lokala anpassningar av den och hur det i s\u00e5 fall har g\u00e5tt till.<\/p>\n<p>En central fr\u00e5ga \u00e4r behovet av att utveckla v\u00e5rdcentralernas roll som koordinator av processen kring in- och utskrivning av patienter. Det finns ocks\u00e5 en del kvar att g\u00f6ra i form av att klarg\u00f6ra och s\u00e4kra olika samverkansstrukturer samt att s\u00e4kerst\u00e4lla ett fortsatt utvecklingsarbete som i f\u00f6rsta hand utf\u00f6rs av de professionella akt\u00f6rerna, men med en tydlig n\u00e4rvaro av s\u00e5v\u00e4l det regionala och lokala perspektivet.<\/p>\n<p><a href=\"https:\/\/www.kfi.se\/wp-content\/uploads\/2020\/12\/KFI-rapport_nr_163.pdf\" target=\"_blank\" rel=\"noopener noreferrer\">L\u00e4s rapport nr 163 h\u00e4r (PDF).<\/a><\/p>\n<p>Om du har fr\u00e5gor om rapporten \u00e4r du v\u00e4lkommen att kontakta<\/p>\n<p>Mikael L\u00f6fstr\u00f6m<\/p>\n","protected":false},"excerpt":{"rendered":"<p>KFi-rapport 163 Utmaningen att samverka kring implementering \u2013 en enk\u00e4tstudie om att genomf\u00f6ra lagen om samverkan vid utskrivning fr\u00e5n slutenv\u00e5rden Mikael L\u00f6fstr\u00f6m Rapporten \u00e4r en tredje delrapportering av en studie som f\u00f6ljer implementeringen av Lagen om samverkan vid utskrivning fr\u00e5n sluten h\u00e4lso- och sjukv\u00e5rd (2017:612) i V\u00e4stra G\u00f6talandsregionen. Syftet med studien \u00e4r att beskriva och &hellip; <a href=\"https:\/\/www.kfi.se\/wp-index.php\/2020\/12\/18\/ny-rapport-utmaningen-att-samverka-kring-implementering\/\" class=\"more-link\">Forts\u00e4tt l\u00e4sa <span class=\"screen-reader-text\">Ny rapport &#8211; Utmaningen att samverka kring implementering<\/span><\/a><\/p>\n","protected":false},"author":3,"featured_media":0,"comment_status":"closed","ping_status":"closed","sticky":false,"template":"","format":"standard","meta":{"footnotes":""},"categories":[1],"tags":[],"class_list":["post-3754","post","type-post","status-publish","format-standard","hentry","category-okategoriserade"],"_links":{"self":[{"href":"https:\/\/www.kfi.se\/wp-index.php\/wp-json\/wp\/v2\/posts\/3754"}],"collection":[{"href":"https:\/\/www.kfi.se\/wp-index.php\/wp-json\/wp\/v2\/posts"}],"about":[{"href":"https:\/\/www.kfi.se\/wp-index.php\/wp-json\/wp\/v2\/types\/post"}],"author":[{"embeddable":true,"href":"https:\/\/www.kfi.se\/wp-index.php\/wp-json\/wp\/v2\/users\/3"}],"replies":[{"embeddable":true,"href":"https:\/\/www.kfi.se\/wp-index.php\/wp-json\/wp\/v2\/comments?post=3754"}],"version-history":[{"count":2,"href":"https:\/\/www.kfi.se\/wp-index.php\/wp-json\/wp\/v2\/posts\/3754\/revisions"}],"predecessor-version":[{"id":3757,"href":"https:\/\/www.kfi.se\/wp-index.php\/wp-json\/wp\/v2\/posts\/3754\/revisions\/3757"}],"wp:attachment":[{"href":"https:\/\/www.kfi.se\/wp-index.php\/wp-json\/wp\/v2\/media?parent=3754"}],"wp:term":[{"taxonomy":"category","embeddable":true,"href":"https:\/\/www.kfi.se\/wp-index.php\/wp-json\/wp\/v2\/categories?post=3754"},{"taxonomy":"post_tag","embeddable":true,"href":"https:\/\/www.kfi.se\/wp-index.php\/wp-json\/wp\/v2\/tags?post=3754"}],"curies":[{"name":"wp","href":"https:\/\/api.w.org\/{rel}","templated":true}]}}