{"id":3776,"date":"2021-01-12T09:47:09","date_gmt":"2021-01-12T08:47:09","guid":{"rendered":"https:\/\/www.kfi.se\/wp-index.php\/?p=3776"},"modified":"2021-01-12T09:47:09","modified_gmt":"2021-01-12T08:47:09","slug":"seminarium-om-intraprenader-18-feb","status":"publish","type":"post","link":"https:\/\/www.kfi.se\/wp-index.php\/2021\/01\/12\/seminarium-om-intraprenader-18-feb\/","title":{"rendered":"Seminarium om intraprenader 18 feb."},"content":{"rendered":"<p style=\"margin: 4.5pt 0cm 4.5pt 0cm;\">V\u00e4lkommen till ett seminarium som behandlar intraprenader som fenomen. Intraprenader bygger p\u00e5 tanken om ut\u00f6kad decentralisering till enheterna samtidigt som huvudmannaskapet kvarst\u00e5r i kommunen eller regionen. Rent konkret kan det handla om ut\u00f6kat ansvar f\u00f6r enhetens ekonomi, personal eller utvecklingsarbete. Id\u00e9n med intraprenader \u00e4r inte ny, men relativt outforskad. Seminariet bygger p\u00e5 en studie d\u00e4r intraprenader pr\u00f6vats och f\u00f6ljts under projektets g\u00e5ng.\u00a0Under seminariet behandlas fr\u00e5gor kring vad\u00a0intraprenader \u00e4r, hur de\u00a0organiseras och vilka utmaningar som finns.<\/p>\n<p style=\"margin: 4.5pt 0cm 4.5pt 0cm;\"><strong><span style=\"font-family: 'Arial',sans-serif;\">Seminariet \u00e4ger rum via Zoom den 18 februari kl. 13.00-14.00 (se nedanst\u00e5ende l\u00e4nk).<\/p>\n<p><\/span><\/strong><\/p>\n<p style=\"margin: 4.5pt 0cm 4.5pt 0cm;\"><a href=\"https:\/\/eur02.safelinks.protection.outlook.com\/?url=http%3A%2F%2Fgantrack5.com%2Ft%2Fl%2F5584957%2F1_MjY3MDc3NDU4NjM%3D%2F&amp;data=04%7C01%7Cjohan.berlin%40hv.se%7Cbf710c9f6ba34d3f3f9508d8b6d58020%7Cbdbf82950fca48548b4b8f57a8ba2815%7C0%7C0%7C637460375382925115%7CUnknown%7CTWFpbGZsb3d8eyJWIjoiMC4wLjAwMDAiLCJQIjoiV2luMzIiLCJBTiI6Ik1haWwiLCJXVCI6Mn0%3D%7C1000&amp;sdata=vn7EFBj8tlhBJ7ynb4xVd33Vsv3BT4GtmJr8s3MEy20%3D&amp;reserved=0\" target=\"_blank\" rel=\"noopener noreferrer\"><span style=\"color: #2a5db0;\">Zoominarium om intraprenader<\/span><\/a><\/p>\n<p style=\"margin: 4.5pt 0cm 4.5pt 0cm;\">\nVarmt v\u00e4lkommen!<\/p>\n<p style=\"margin: 4.5pt 0cm 4.5pt 0cm;\">\nViveka Nilsson<\/p>\n","protected":false},"excerpt":{"rendered":"<p>V\u00e4lkommen till ett seminarium som behandlar intraprenader som fenomen. Intraprenader bygger p\u00e5 tanken om ut\u00f6kad decentralisering till enheterna samtidigt som huvudmannaskapet kvarst\u00e5r i kommunen eller regionen. Rent konkret kan det handla om ut\u00f6kat ansvar f\u00f6r enhetens ekonomi, personal eller utvecklingsarbete. Id\u00e9n med intraprenader \u00e4r inte ny, men relativt outforskad. Seminariet bygger p\u00e5 en studie d\u00e4r &hellip; <a href=\"https:\/\/www.kfi.se\/wp-index.php\/2021\/01\/12\/seminarium-om-intraprenader-18-feb\/\" class=\"more-link\">Forts\u00e4tt l\u00e4sa <span class=\"screen-reader-text\">Seminarium om intraprenader 18 feb.<\/span><\/a><\/p>\n","protected":false},"author":3,"featured_media":0,"comment_status":"closed","ping_status":"closed","sticky":false,"template":"","format":"standard","meta":{"footnotes":""},"categories":[1],"tags":[],"class_list":["post-3776","post","type-post","status-publish","format-standard","hentry","category-okategoriserade"],"_links":{"self":[{"href":"https:\/\/www.kfi.se\/wp-index.php\/wp-json\/wp\/v2\/posts\/3776"}],"collection":[{"href":"https:\/\/www.kfi.se\/wp-index.php\/wp-json\/wp\/v2\/posts"}],"about":[{"href":"https:\/\/www.kfi.se\/wp-index.php\/wp-json\/wp\/v2\/types\/post"}],"author":[{"embeddable":true,"href":"https:\/\/www.kfi.se\/wp-index.php\/wp-json\/wp\/v2\/users\/3"}],"replies":[{"embeddable":true,"href":"https:\/\/www.kfi.se\/wp-index.php\/wp-json\/wp\/v2\/comments?post=3776"}],"version-history":[{"count":1,"href":"https:\/\/www.kfi.se\/wp-index.php\/wp-json\/wp\/v2\/posts\/3776\/revisions"}],"predecessor-version":[{"id":3777,"href":"https:\/\/www.kfi.se\/wp-index.php\/wp-json\/wp\/v2\/posts\/3776\/revisions\/3777"}],"wp:attachment":[{"href":"https:\/\/www.kfi.se\/wp-index.php\/wp-json\/wp\/v2\/media?parent=3776"}],"wp:term":[{"taxonomy":"category","embeddable":true,"href":"https:\/\/www.kfi.se\/wp-index.php\/wp-json\/wp\/v2\/categories?post=3776"},{"taxonomy":"post_tag","embeddable":true,"href":"https:\/\/www.kfi.se\/wp-index.php\/wp-json\/wp\/v2\/tags?post=3776"}],"curies":[{"name":"wp","href":"https:\/\/api.w.org\/{rel}","templated":true}]}}