{"id":3829,"date":"2021-03-01T14:57:49","date_gmt":"2021-03-01T13:57:49","guid":{"rendered":"https:\/\/www.kfi.se\/wp-index.php\/?p=3829"},"modified":"2021-03-02T08:36:30","modified_gmt":"2021-03-02T07:36:30","slug":"fran-vision-till-portfoljkontor-10-ars-utveckling-av-organisationen-for-alvstaden","status":"publish","type":"post","link":"https:\/\/www.kfi.se\/wp-index.php\/2021\/03\/01\/fran-vision-till-portfoljkontor-10-ars-utveckling-av-organisationen-for-alvstaden\/","title":{"rendered":"Ny rapport 166: Fr\u00e5n Vision till Portf\u00f6ljkontor \u2013 10 \u00e5rs utveckling av organisationen f\u00f6r \u00c4lvstaden"},"content":{"rendered":"<p><strong>KFi-rapport 166<\/strong><\/p>\n<p><strong>Fr\u00e5n Vision till Portf\u00f6ljkontor \u2013 10 \u00e5rs utveckling av organisationen f\u00f6r \u00c4lvstaden<\/strong><\/p>\n<p><em>Sara Brorstr\u00f6m<\/em><\/p>\n<p>I rapporten beskrivs ett forskningsprojekt som under tio \u00e5rs tid f\u00f6ljt utvecklingen med att f\u00f6rverkliga vision \u00c4lvstaden i G\u00f6teborg, med fokus p\u00e5 de utmaningar som uppst\u00e5tt under tiden. En av utmaningarna som lyfts fram i rapporten handlade om att vara styrd av en vision med h\u00f6ga och abstrakta ambitioner d\u00e4r konkretisering blev viktigt f\u00f6r att lyckas. En annan utmaning handlade om vikten att f\u00f6rverkliga visionen i samverkan \u00f6ver organisatoriska gr\u00e4nser, d\u00e4r betydelsen av styrning och ledarskap f\u00f6r att lyckas blev stor. Det betonas h\u00e4r att samverkan m\u00e5ste k\u00e4nnas meningsfull f\u00f6r att f\u00f6rv\u00e4ntat resultat ska uppn\u00e5s. Fler utmaningar finns att ta del av i rapporten.<\/p>\n<p><a href=\"https:\/\/www.kfi.se\/wp-index.php\/publikationer\/kfi-rapporter\/\">L\u00e4s rapporten h\u00e4r<\/a><\/p>\n","protected":false},"excerpt":{"rendered":"<p>KFi-rapport 166 Fr\u00e5n Vision till Portf\u00f6ljkontor \u2013 10 \u00e5rs utveckling av organisationen f\u00f6r \u00c4lvstaden Sara Brorstr\u00f6m I rapporten beskrivs ett forskningsprojekt som under tio \u00e5rs tid f\u00f6ljt utvecklingen med att f\u00f6rverkliga vision \u00c4lvstaden i G\u00f6teborg, med fokus p\u00e5 de utmaningar som uppst\u00e5tt under tiden. En av utmaningarna som lyfts fram i rapporten handlade om att &hellip; <a href=\"https:\/\/www.kfi.se\/wp-index.php\/2021\/03\/01\/fran-vision-till-portfoljkontor-10-ars-utveckling-av-organisationen-for-alvstaden\/\" class=\"more-link\">Forts\u00e4tt l\u00e4sa <span class=\"screen-reader-text\">Ny rapport 166: Fr\u00e5n Vision till Portf\u00f6ljkontor \u2013 10 \u00e5rs utveckling av organisationen f\u00f6r \u00c4lvstaden<\/span><\/a><\/p>\n","protected":false},"author":3,"featured_media":0,"comment_status":"closed","ping_status":"closed","sticky":false,"template":"","format":"standard","meta":{"footnotes":""},"categories":[1],"tags":[],"class_list":["post-3829","post","type-post","status-publish","format-standard","hentry","category-okategoriserade"],"_links":{"self":[{"href":"https:\/\/www.kfi.se\/wp-index.php\/wp-json\/wp\/v2\/posts\/3829"}],"collection":[{"href":"https:\/\/www.kfi.se\/wp-index.php\/wp-json\/wp\/v2\/posts"}],"about":[{"href":"https:\/\/www.kfi.se\/wp-index.php\/wp-json\/wp\/v2\/types\/post"}],"author":[{"embeddable":true,"href":"https:\/\/www.kfi.se\/wp-index.php\/wp-json\/wp\/v2\/users\/3"}],"replies":[{"embeddable":true,"href":"https:\/\/www.kfi.se\/wp-index.php\/wp-json\/wp\/v2\/comments?post=3829"}],"version-history":[{"count":4,"href":"https:\/\/www.kfi.se\/wp-index.php\/wp-json\/wp\/v2\/posts\/3829\/revisions"}],"predecessor-version":[{"id":3842,"href":"https:\/\/www.kfi.se\/wp-index.php\/wp-json\/wp\/v2\/posts\/3829\/revisions\/3842"}],"wp:attachment":[{"href":"https:\/\/www.kfi.se\/wp-index.php\/wp-json\/wp\/v2\/media?parent=3829"}],"wp:term":[{"taxonomy":"category","embeddable":true,"href":"https:\/\/www.kfi.se\/wp-index.php\/wp-json\/wp\/v2\/categories?post=3829"},{"taxonomy":"post_tag","embeddable":true,"href":"https:\/\/www.kfi.se\/wp-index.php\/wp-json\/wp\/v2\/tags?post=3829"}],"curies":[{"name":"wp","href":"https:\/\/api.w.org\/{rel}","templated":true}]}}