{"id":4017,"date":"2021-06-16T07:29:57","date_gmt":"2021-06-16T05:29:57","guid":{"rendered":"https:\/\/www.kfi.se\/wp-index.php\/?p=4017"},"modified":"2021-06-16T07:29:57","modified_gmt":"2021-06-16T05:29:57","slug":"ny-rapport-170-om-goteborgs-stads-hantering-av-pandemin","status":"publish","type":"post","link":"https:\/\/www.kfi.se\/wp-index.php\/2021\/06\/16\/ny-rapport-170-om-goteborgs-stads-hantering-av-pandemin\/","title":{"rendered":"Ny rapport 170 &#8211; Om G\u00f6teborgs Stads hantering av pandemin"},"content":{"rendered":"<p><strong>KFi-rapport 170<\/strong><\/p>\n<p><strong>Mobilisering och samordning<br \/>\n<\/strong>-En studie av G\u00f6teborgs Stads hantering av pandemin<\/p>\n<p>Av: Gustaf Kastberg Weichselberger, Jessica Algehed och Bj\u00f6rn Brorstr\u00f6m<\/p>\n<p>Rapporten behandlar G\u00f6teborgs Stads hantering av coronapandemin. Fokus ligger p\u00e5 \u00f6vergripande organisering, ledning och styrning. Syftet \u00e4r att beskriva och klarg\u00f6ra hur olika delar av den kommunala organisationen och verksamheten klarat att hantera effekten av spridningen av virussjukdomen covid-19. Ett viktigt delsyfte \u00e4r att skapa ett underlag f\u00f6r l\u00e4rande: b\u00e5de inf\u00f6r framtida kriser och inf\u00f6r en kommande vardag utan pandemi. Utv\u00e4rderings\u00adstudien \u00e4r en del av ett omfattande forsknings- och utv\u00e4rderingsprogram vid Kommunforskning i V\u00e4stsverige (KFi). Ambitionen med programmet \u00e4r att skapa underlag f\u00f6r ett bredare l\u00e4rande kring hanteringen av pandemin. Den samlade bed\u00f6mning som lyfts fram i rapporten \u00e4r att pandemins ut\u00admaningar hanterats v\u00e4l, vissa omr\u00e5den som \u00e4r mer problematiska har identifie\u00adrats och det finns en stor potential till l\u00e4rande och utveckling b\u00e5de f\u00f6r kristider och f\u00f6r en mer ordinarie vardag.<\/p>\n<p><a href=\"https:\/\/www.kfi.se\/wp-index.php\/publikationer\/kfi-rapporter\/\">L\u00e4s rapporten h\u00e4r<\/a><\/p>\n","protected":false},"excerpt":{"rendered":"<p>KFi-rapport 170 Mobilisering och samordning -En studie av G\u00f6teborgs Stads hantering av pandemin Av: Gustaf Kastberg Weichselberger, Jessica Algehed och Bj\u00f6rn Brorstr\u00f6m Rapporten behandlar G\u00f6teborgs Stads hantering av coronapandemin. Fokus ligger p\u00e5 \u00f6vergripande organisering, ledning och styrning. Syftet \u00e4r att beskriva och klarg\u00f6ra hur olika delar av den kommunala organisationen och verksamheten klarat att hantera &hellip; <a href=\"https:\/\/www.kfi.se\/wp-index.php\/2021\/06\/16\/ny-rapport-170-om-goteborgs-stads-hantering-av-pandemin\/\" class=\"more-link\">Forts\u00e4tt l\u00e4sa <span class=\"screen-reader-text\">Ny rapport 170 &#8211; Om G\u00f6teborgs Stads hantering av pandemin<\/span><\/a><\/p>\n","protected":false},"author":3,"featured_media":0,"comment_status":"closed","ping_status":"closed","sticky":false,"template":"","format":"standard","meta":{"footnotes":""},"categories":[1],"tags":[],"class_list":["post-4017","post","type-post","status-publish","format-standard","hentry","category-okategoriserade"],"_links":{"self":[{"href":"https:\/\/www.kfi.se\/wp-index.php\/wp-json\/wp\/v2\/posts\/4017"}],"collection":[{"href":"https:\/\/www.kfi.se\/wp-index.php\/wp-json\/wp\/v2\/posts"}],"about":[{"href":"https:\/\/www.kfi.se\/wp-index.php\/wp-json\/wp\/v2\/types\/post"}],"author":[{"embeddable":true,"href":"https:\/\/www.kfi.se\/wp-index.php\/wp-json\/wp\/v2\/users\/3"}],"replies":[{"embeddable":true,"href":"https:\/\/www.kfi.se\/wp-index.php\/wp-json\/wp\/v2\/comments?post=4017"}],"version-history":[{"count":1,"href":"https:\/\/www.kfi.se\/wp-index.php\/wp-json\/wp\/v2\/posts\/4017\/revisions"}],"predecessor-version":[{"id":4018,"href":"https:\/\/www.kfi.se\/wp-index.php\/wp-json\/wp\/v2\/posts\/4017\/revisions\/4018"}],"wp:attachment":[{"href":"https:\/\/www.kfi.se\/wp-index.php\/wp-json\/wp\/v2\/media?parent=4017"}],"wp:term":[{"taxonomy":"category","embeddable":true,"href":"https:\/\/www.kfi.se\/wp-index.php\/wp-json\/wp\/v2\/categories?post=4017"},{"taxonomy":"post_tag","embeddable":true,"href":"https:\/\/www.kfi.se\/wp-index.php\/wp-json\/wp\/v2\/tags?post=4017"}],"curies":[{"name":"wp","href":"https:\/\/api.w.org\/{rel}","templated":true}]}}