{"id":4184,"date":"2021-10-04T10:16:07","date_gmt":"2021-10-04T08:16:07","guid":{"rendered":"https:\/\/www.kfi.se\/wp-index.php\/?p=4184"},"modified":"2021-10-05T10:35:08","modified_gmt":"2021-10-05T08:35:08","slug":"utvardering-av-molndals-stads-hantering-av-covid-19-pandemin","status":"publish","type":"post","link":"https:\/\/www.kfi.se\/wp-index.php\/2021\/10\/04\/utvardering-av-molndals-stads-hantering-av-covid-19-pandemin\/","title":{"rendered":"Utv\u00e4rdering av M\u00f6lndals stads hantering av Covid-19 pandemin"},"content":{"rendered":"<p><strong>U-rapport 105<\/strong><\/p>\n<p><strong>Utv\u00e4rdering av M\u00f6lndals stads hantering av Covid-19 pandemin<\/strong><\/p>\n<p><strong>Av: <\/strong>Jessica Algehed, Christian Jensen, Bengt Johansson och Caroline Lepp\u00e4nen<\/p>\n<p>Rapporten behandlar M\u00f6lndals stads hantering av coronapandemin. Fokus ligger p\u00e5 \u00f6vergripande organisering, ledning och styrning. Syftet \u00e4r att beskriva och klarg\u00f6ra hur olika delar av den kommunala organisationen och verksamheten klarat att hantera effekten av spridningen av covid-19. Den \u00f6vergripande bed\u00f6mningen \u00e4r att M\u00f6lndals stad har hanterat pandemin p\u00e5 ett bra och \u00e4ndam\u00e5lsenligt s\u00e4tt givet de f\u00f6ruts\u00e4ttningar som r\u00e5tt. Kommunen har snabbt st\u00e4llt om organisationen till krishantering. Strategin ter sig s\u00e5 h\u00e4r i backspegeln ha varit att f\u00f6lja nationella och regionala r\u00e5d och rekommendationer och agera tidigt och framf\u00f6rallt samst\u00e4mmigt, f\u00f6r att skapa stabilitet och trygghet i ett os\u00e4kert och sv\u00e5rbed\u00f6mt l\u00e4ge.<\/p>\n<p><a href=\"https:\/\/www.kfi.se\/wp-content\/uploads\/2021\/10\/U-rapport-105.pdf\" target=\"_blank\" rel=\"noopener\">L\u00e4s rapporten h\u00e4r<\/a><\/p>\n","protected":false},"excerpt":{"rendered":"<p>U-rapport 105 Utv\u00e4rdering av M\u00f6lndals stads hantering av Covid-19 pandemin Av: Jessica Algehed, Christian Jensen, Bengt Johansson och Caroline Lepp\u00e4nen Rapporten behandlar M\u00f6lndals stads hantering av coronapandemin. Fokus ligger p\u00e5 \u00f6vergripande organisering, ledning och styrning. Syftet \u00e4r att beskriva och klarg\u00f6ra hur olika delar av den kommunala organisationen och verksamheten klarat att hantera effekten av &hellip; <a href=\"https:\/\/www.kfi.se\/wp-index.php\/2021\/10\/04\/utvardering-av-molndals-stads-hantering-av-covid-19-pandemin\/\" class=\"more-link\">Forts\u00e4tt l\u00e4sa <span class=\"screen-reader-text\">Utv\u00e4rdering av M\u00f6lndals stads hantering av Covid-19 pandemin<\/span><\/a><\/p>\n","protected":false},"author":3,"featured_media":0,"comment_status":"closed","ping_status":"closed","sticky":false,"template":"","format":"standard","meta":{"footnotes":""},"categories":[1],"tags":[],"class_list":["post-4184","post","type-post","status-publish","format-standard","hentry","category-okategoriserade"],"_links":{"self":[{"href":"https:\/\/www.kfi.se\/wp-index.php\/wp-json\/wp\/v2\/posts\/4184"}],"collection":[{"href":"https:\/\/www.kfi.se\/wp-index.php\/wp-json\/wp\/v2\/posts"}],"about":[{"href":"https:\/\/www.kfi.se\/wp-index.php\/wp-json\/wp\/v2\/types\/post"}],"author":[{"embeddable":true,"href":"https:\/\/www.kfi.se\/wp-index.php\/wp-json\/wp\/v2\/users\/3"}],"replies":[{"embeddable":true,"href":"https:\/\/www.kfi.se\/wp-index.php\/wp-json\/wp\/v2\/comments?post=4184"}],"version-history":[{"count":1,"href":"https:\/\/www.kfi.se\/wp-index.php\/wp-json\/wp\/v2\/posts\/4184\/revisions"}],"predecessor-version":[{"id":4186,"href":"https:\/\/www.kfi.se\/wp-index.php\/wp-json\/wp\/v2\/posts\/4184\/revisions\/4186"}],"wp:attachment":[{"href":"https:\/\/www.kfi.se\/wp-index.php\/wp-json\/wp\/v2\/media?parent=4184"}],"wp:term":[{"taxonomy":"category","embeddable":true,"href":"https:\/\/www.kfi.se\/wp-index.php\/wp-json\/wp\/v2\/categories?post=4184"},{"taxonomy":"post_tag","embeddable":true,"href":"https:\/\/www.kfi.se\/wp-index.php\/wp-json\/wp\/v2\/tags?post=4184"}],"curies":[{"name":"wp","href":"https:\/\/api.w.org\/{rel}","templated":true}]}}