{"id":4271,"date":"2021-11-07T09:02:40","date_gmt":"2021-11-07T08:02:40","guid":{"rendered":"https:\/\/www.kfi.se\/wp-index.php\/?p=4271"},"modified":"2021-11-08T10:46:16","modified_gmt":"2021-11-08T09:46:16","slug":"kommuner-och-regioner-for-en-fungerande-offentlig-verksamhet-i-vardag-och-i-kris","status":"publish","type":"post","link":"https:\/\/www.kfi.se\/wp-index.php\/2021\/11\/07\/kommuner-och-regioner-for-en-fungerande-offentlig-verksamhet-i-vardag-och-i-kris\/","title":{"rendered":"Kommuner och regioner f\u00f6r en fungerande offentlig verksamhet i vardag och i kris"},"content":{"rendered":"<p>KFi-rapport 172<\/p>\n<p><strong>Kommuner och regioner f\u00f6r en fungerande offentlig verksamhet i vardag och i kris<\/strong><\/p>\n<p><strong>Av:<\/strong> Bj\u00f6rn Brorstr\u00f6m och Mikael L\u00f6fstr\u00f6m<\/p>\n<p>I rapporten diskuteras det kommunala sj\u00e4lvstyrets f\u00f6ruts\u00e4ttningar och m\u00f6jligheter vid krishantering under Covid-19 pandemin. Detta g\u00f6rs genom att med utg\u00e5ngspunkt i det kommunala sj\u00e4lvstyrets strukturella f\u00f6ruts\u00e4ttningar belysa kommunernas krishantering utifr\u00e5n omfattande empiriska studier av fem kommuner och en region som genomf\u00f6rts under perioden 2020\u20132021. I rapporten konstateras att den studerade regionen och de studerade kommunerna har hanterat konsekvenserna av pandemin v\u00e4l. Decentraliserade organisationer, b\u00e4rkraftiga strukturer, lokalt ansvarstagande, kompetenta chefer och personligt engagemang f\u00f6rklarar ett \u00e4ndam\u00e5lsenligt krisarbete och en snabb och n\u00f6dv\u00e4ndig anpassning till dramatiskt nya f\u00f6ruts\u00e4ttningar samtidigt som den ordinarie verksamheten uppr\u00e4tth\u00e5llits p\u00e5 en tillfredsst\u00e4llande niv\u00e5 och med en tillfredsst\u00e4llande kvalitet. Utmaningen har framf\u00f6r allt funnits i en fungerande, eller i det h\u00e4r fallet icke fungerande, flerniv\u00e5styrning n\u00e4r de statliga myndigheterna saknar s\u00e5v\u00e4l kunskap om de regionala och kommunala verksamheterna som f\u00f6rm\u00e5ga att kommunicera med desamma.<\/p>\n<p>&nbsp;<\/p>\n<p><a href=\"https:\/\/www.kfi.se\/wp-content\/uploads\/2021\/11\/KFi-rapport_nr_172.pdf\" target=\"_blank\" rel=\"noopener\">L\u00e4s rapporten h\u00e4r<\/a><\/p>\n","protected":false},"excerpt":{"rendered":"<p>KFi-rapport 172 Kommuner och regioner f\u00f6r en fungerande offentlig verksamhet i vardag och i kris Av: Bj\u00f6rn Brorstr\u00f6m och Mikael L\u00f6fstr\u00f6m I rapporten diskuteras det kommunala sj\u00e4lvstyrets f\u00f6ruts\u00e4ttningar och m\u00f6jligheter vid krishantering under Covid-19 pandemin. Detta g\u00f6rs genom att med utg\u00e5ngspunkt i det kommunala sj\u00e4lvstyrets strukturella f\u00f6ruts\u00e4ttningar belysa kommunernas krishantering utifr\u00e5n omfattande empiriska studier av &hellip; <a href=\"https:\/\/www.kfi.se\/wp-index.php\/2021\/11\/07\/kommuner-och-regioner-for-en-fungerande-offentlig-verksamhet-i-vardag-och-i-kris\/\" class=\"more-link\">Forts\u00e4tt l\u00e4sa <span class=\"screen-reader-text\">Kommuner och regioner f\u00f6r en fungerande offentlig verksamhet i vardag och i kris<\/span><\/a><\/p>\n","protected":false},"author":3,"featured_media":0,"comment_status":"closed","ping_status":"closed","sticky":false,"template":"","format":"standard","meta":{"footnotes":""},"categories":[1],"tags":[],"class_list":["post-4271","post","type-post","status-publish","format-standard","hentry","category-okategoriserade"],"_links":{"self":[{"href":"https:\/\/www.kfi.se\/wp-index.php\/wp-json\/wp\/v2\/posts\/4271"}],"collection":[{"href":"https:\/\/www.kfi.se\/wp-index.php\/wp-json\/wp\/v2\/posts"}],"about":[{"href":"https:\/\/www.kfi.se\/wp-index.php\/wp-json\/wp\/v2\/types\/post"}],"author":[{"embeddable":true,"href":"https:\/\/www.kfi.se\/wp-index.php\/wp-json\/wp\/v2\/users\/3"}],"replies":[{"embeddable":true,"href":"https:\/\/www.kfi.se\/wp-index.php\/wp-json\/wp\/v2\/comments?post=4271"}],"version-history":[{"count":2,"href":"https:\/\/www.kfi.se\/wp-index.php\/wp-json\/wp\/v2\/posts\/4271\/revisions"}],"predecessor-version":[{"id":4279,"href":"https:\/\/www.kfi.se\/wp-index.php\/wp-json\/wp\/v2\/posts\/4271\/revisions\/4279"}],"wp:attachment":[{"href":"https:\/\/www.kfi.se\/wp-index.php\/wp-json\/wp\/v2\/media?parent=4271"}],"wp:term":[{"taxonomy":"category","embeddable":true,"href":"https:\/\/www.kfi.se\/wp-index.php\/wp-json\/wp\/v2\/categories?post=4271"},{"taxonomy":"post_tag","embeddable":true,"href":"https:\/\/www.kfi.se\/wp-index.php\/wp-json\/wp\/v2\/tags?post=4271"}],"curies":[{"name":"wp","href":"https:\/\/api.w.org\/{rel}","templated":true}]}}