{"id":4291,"date":"2021-11-15T19:06:26","date_gmt":"2021-11-15T18:06:26","guid":{"rendered":"https:\/\/www.kfi.se\/wp-index.php\/?p=4291"},"modified":"2021-11-15T19:08:03","modified_gmt":"2021-11-15T18:08:03","slug":"valkommen-till-redovisningsdagen-2021","status":"publish","type":"post","link":"https:\/\/www.kfi.se\/wp-index.php\/2021\/11\/15\/valkommen-till-redovisningsdagen-2021\/","title":{"rendered":"V\u00e4lkommen till redovisningsdagen 2021"},"content":{"rendered":"<p style=\"margin: 4.5pt 0cm 4.5pt 0cm;\"><strong><span style=\"font-family: 'Arial',sans-serif;\">Ta del av aktuella redovisningsfr\u00e5gor inom det kommunala omr\u00e5det<\/span><\/strong><\/p>\n<p style=\"margin: 4.5pt 0cm 4.5pt 0cm;\">P\u00e5 \u00e5rets redovisningsdag kommer det att h\u00e5llas presentationer under rubrikerna \u201dCovid-19 \u2013 hanterades pandemin som en v\u00e4sentlig h\u00e4ndelse efter r\u00e4kenskaps\u00e5rets slut?\u201d samt \u201dAktualitet \u2013 n\u00e4r uppr\u00e4ttas del\u00e5rsrapporten och \u00e5rsredovisningen i kommunsektorn?\u201d Likas\u00e5 ber\u00f6rs en praxisunders\u00f6kning om del\u00e5rsrapporten som KFi har gjort p\u00e5 uppdrag av R\u00e5det f\u00f6r kommunal redovisning. Avslutningsvis presenteras tv\u00e5 studier d\u00e4r den ena behandlar f\u00f6rekomsten av m\u00e5l f\u00f6r en god ekonomisk hush\u00e5llning f\u00f6r den kommunala koncernen och den andra ber\u00f6r diskrepansen mellan budgeterade och genomf\u00f6rda investeringar inom den kommunala vatten- och avloppsbranschen.<\/p>\n<p style=\"margin: 4.5pt 0cm 4.5pt 0cm;\"><strong><span style=\"font-family: 'Arial',sans-serif;\">Redovisningsdagen \u00e4ger rum via Zoom den 17 dec kl 10.00-12.00\u00a0(se nedanst\u00e5ende l\u00e4nk).<\/span><\/strong><\/p>\n<p>&nbsp;<\/p>\n<p><a href=\"https:\/\/www.kfi.se\/wp-content\/uploads\/2021\/11\/Redovisningsdagen-2021.pdf\" target=\"_blank\" rel=\"noopener\">Inbjudan Redovisningsdagen (PDF)<\/a><\/p>\n<p><a href=\"https:\/\/www.kfi.se\/wp-index.php\/anmalan-aktivitet\/\">Varmt v\u00e4lkommen &#8211; anm\u00e4l dig h\u00e4r<\/a><\/p>\n","protected":false},"excerpt":{"rendered":"<p>Ta del av aktuella redovisningsfr\u00e5gor inom det kommunala omr\u00e5det P\u00e5 \u00e5rets redovisningsdag kommer det att h\u00e5llas presentationer under rubrikerna \u201dCovid-19 \u2013 hanterades pandemin som en v\u00e4sentlig h\u00e4ndelse efter r\u00e4kenskaps\u00e5rets slut?\u201d samt \u201dAktualitet \u2013 n\u00e4r uppr\u00e4ttas del\u00e5rsrapporten och \u00e5rsredovisningen i kommunsektorn?\u201d Likas\u00e5 ber\u00f6rs en praxisunders\u00f6kning om del\u00e5rsrapporten som KFi har gjort p\u00e5 uppdrag av R\u00e5det f\u00f6r &hellip; <a href=\"https:\/\/www.kfi.se\/wp-index.php\/2021\/11\/15\/valkommen-till-redovisningsdagen-2021\/\" class=\"more-link\">Forts\u00e4tt l\u00e4sa <span class=\"screen-reader-text\">V\u00e4lkommen till redovisningsdagen 2021<\/span><\/a><\/p>\n","protected":false},"author":3,"featured_media":0,"comment_status":"closed","ping_status":"closed","sticky":false,"template":"","format":"standard","meta":{"footnotes":""},"categories":[1],"tags":[],"class_list":["post-4291","post","type-post","status-publish","format-standard","hentry","category-okategoriserade"],"_links":{"self":[{"href":"https:\/\/www.kfi.se\/wp-index.php\/wp-json\/wp\/v2\/posts\/4291"}],"collection":[{"href":"https:\/\/www.kfi.se\/wp-index.php\/wp-json\/wp\/v2\/posts"}],"about":[{"href":"https:\/\/www.kfi.se\/wp-index.php\/wp-json\/wp\/v2\/types\/post"}],"author":[{"embeddable":true,"href":"https:\/\/www.kfi.se\/wp-index.php\/wp-json\/wp\/v2\/users\/3"}],"replies":[{"embeddable":true,"href":"https:\/\/www.kfi.se\/wp-index.php\/wp-json\/wp\/v2\/comments?post=4291"}],"version-history":[{"count":5,"href":"https:\/\/www.kfi.se\/wp-index.php\/wp-json\/wp\/v2\/posts\/4291\/revisions"}],"predecessor-version":[{"id":4297,"href":"https:\/\/www.kfi.se\/wp-index.php\/wp-json\/wp\/v2\/posts\/4291\/revisions\/4297"}],"wp:attachment":[{"href":"https:\/\/www.kfi.se\/wp-index.php\/wp-json\/wp\/v2\/media?parent=4291"}],"wp:term":[{"taxonomy":"category","embeddable":true,"href":"https:\/\/www.kfi.se\/wp-index.php\/wp-json\/wp\/v2\/categories?post=4291"},{"taxonomy":"post_tag","embeddable":true,"href":"https:\/\/www.kfi.se\/wp-index.php\/wp-json\/wp\/v2\/tags?post=4291"}],"curies":[{"name":"wp","href":"https:\/\/api.w.org\/{rel}","templated":true}]}}