{"id":4307,"date":"2021-11-20T15:21:24","date_gmt":"2021-11-20T14:21:24","guid":{"rendered":"https:\/\/www.kfi.se\/wp-index.php\/?p=4307"},"modified":"2021-11-20T15:22:04","modified_gmt":"2021-11-20T14:22:04","slug":"4307","status":"publish","type":"post","link":"https:\/\/www.kfi.se\/wp-index.php\/2021\/11\/20\/4307\/","title":{"rendered":"Decentraliserad krisorganisering &#8211; en studie av Bor\u00e5s Stads hantering av pandemin"},"content":{"rendered":"<p>U-rapport 107<\/p>\n<p><strong>Decentraliserad krisorganisering<\/strong><br \/>\n&#8211; en studie av Bor\u00e5s Stads hantering av pandemin<\/p>\n<p>Av: Christian Jensen, Caroline Lepp\u00e4nen, Mikael L\u00f6fstr\u00f6m och Gustaf Kastberg Weichselberger<\/p>\n<p>I rapporten fokuseras hur Bor\u00e5s Stad hanterat Coronapandemin. Det mer specifika<br \/>\nsyftet \u00e4r att beskriva och klarg\u00f6ra hur olika delar av den kommunala organisationen<br \/>\noch verksamheten klarat att hantera pandemin ur ett organiserings-, lednings- och styrningsperspektiv.<\/p>\n<p>I rapporten konstateras bland annat att organisering av krisledningsarbetet i m\u00f6tet med pandemin f\u00f6refaller ha fungerat v\u00e4l b\u00e5de centralt och lokalt i organisationen. Redog\u00f6relser som studien baseras p\u00e5 ger samst\u00e4mmigt ett gott betyg \u00e5t kommunens organisering och ledning under pandemin. Sammantaget visar analysen en kommun som i huvudsak haft ett fungerande krisledningsarbete.<\/p>\n<p><a href=\"https:\/\/www.kfi.se\/wp-content\/uploads\/2021\/11\/U-rapport-107.pdf\" target=\"_blank\" rel=\"noopener\">L\u00e4s rapporten h\u00e4r<\/a><\/p>\n<p>&nbsp;<\/p>\n<p>&nbsp;<\/p>\n","protected":false},"excerpt":{"rendered":"<p>U-rapport 107 Decentraliserad krisorganisering &#8211; en studie av Bor\u00e5s Stads hantering av pandemin Av: Christian Jensen, Caroline Lepp\u00e4nen, Mikael L\u00f6fstr\u00f6m och Gustaf Kastberg Weichselberger I rapporten fokuseras hur Bor\u00e5s Stad hanterat Coronapandemin. Det mer specifika syftet \u00e4r att beskriva och klarg\u00f6ra hur olika delar av den kommunala organisationen och verksamheten klarat att hantera pandemin ur &hellip; <a href=\"https:\/\/www.kfi.se\/wp-index.php\/2021\/11\/20\/4307\/\" class=\"more-link\">Forts\u00e4tt l\u00e4sa <span class=\"screen-reader-text\">Decentraliserad krisorganisering &#8211; en studie av Bor\u00e5s Stads hantering av pandemin<\/span><\/a><\/p>\n","protected":false},"author":3,"featured_media":0,"comment_status":"closed","ping_status":"closed","sticky":false,"template":"","format":"standard","meta":{"footnotes":""},"categories":[1],"tags":[],"class_list":["post-4307","post","type-post","status-publish","format-standard","hentry","category-okategoriserade"],"_links":{"self":[{"href":"https:\/\/www.kfi.se\/wp-index.php\/wp-json\/wp\/v2\/posts\/4307"}],"collection":[{"href":"https:\/\/www.kfi.se\/wp-index.php\/wp-json\/wp\/v2\/posts"}],"about":[{"href":"https:\/\/www.kfi.se\/wp-index.php\/wp-json\/wp\/v2\/types\/post"}],"author":[{"embeddable":true,"href":"https:\/\/www.kfi.se\/wp-index.php\/wp-json\/wp\/v2\/users\/3"}],"replies":[{"embeddable":true,"href":"https:\/\/www.kfi.se\/wp-index.php\/wp-json\/wp\/v2\/comments?post=4307"}],"version-history":[{"count":2,"href":"https:\/\/www.kfi.se\/wp-index.php\/wp-json\/wp\/v2\/posts\/4307\/revisions"}],"predecessor-version":[{"id":4310,"href":"https:\/\/www.kfi.se\/wp-index.php\/wp-json\/wp\/v2\/posts\/4307\/revisions\/4310"}],"wp:attachment":[{"href":"https:\/\/www.kfi.se\/wp-index.php\/wp-json\/wp\/v2\/media?parent=4307"}],"wp:term":[{"taxonomy":"category","embeddable":true,"href":"https:\/\/www.kfi.se\/wp-index.php\/wp-json\/wp\/v2\/categories?post=4307"},{"taxonomy":"post_tag","embeddable":true,"href":"https:\/\/www.kfi.se\/wp-index.php\/wp-json\/wp\/v2\/tags?post=4307"}],"curies":[{"name":"wp","href":"https:\/\/api.w.org\/{rel}","templated":true}]}}