{"id":4356,"date":"2022-01-12T08:14:26","date_gmt":"2022-01-12T07:14:26","guid":{"rendered":"https:\/\/www.kfi.se\/wp-index.php\/?p=4356"},"modified":"2022-01-12T08:14:26","modified_gmt":"2022-01-12T07:14:26","slug":"ny-rapport-covid-19-pandemin-som-forandringskraft","status":"publish","type":"post","link":"https:\/\/www.kfi.se\/wp-index.php\/2022\/01\/12\/ny-rapport-covid-19-pandemin-som-forandringskraft\/","title":{"rendered":"Ny rapport &#8211; Covid-19-pandemin som f\u00f6r\u00e4ndringskraft"},"content":{"rendered":"<p><strong>KFi-rapport 173<\/strong><\/p>\n<p><strong>Covid-19-pandemin som f\u00f6r\u00e4ndringskraft<\/strong><\/p>\n<p><strong>Av: <\/strong>Jessica Algehed och Christian Jensen<\/p>\n<p>Rapporten bygger p\u00e5 material som Kommunforskning i V\u00e4stsverige samlat in inom ramen f\u00f6r forskningsprogrammet KomCo (Kommuner i coronatider), en utv\u00e4rdering av hur v\u00e4stsvenska kommuner samt V\u00e4stra G\u00f6talandsregionen arbetade under pandemin. \u00d6vergripande fr\u00e5gest\u00e4llningar i rapporten \u00e4r: vad har pr\u00e4glat l\u00e4randet under pandemin?, hur kan gjorda erfarenheter omh\u00e4ndertas och skalas upp? samt vad \u00e4r viktigt att beakta i det arbetet? F\u00f6rfattarna lyfter fram kommunernas l\u00e4rdomar i form av n\u00e5gra generella utvecklingsomr\u00e5den och kollektiva insikter. L\u00e4rdomarna handlar i grova drag om hur man arbetar med smitta och hygien, \u00e4ldreomsorgens systemsvagheter, krisberedskap och digitaliseringens m\u00f6jligheter och faror men ocks\u00e5 om hur den egna organisationen fungerar, leds och styrs i bredare bem\u00e4rkelse.<\/p>\n<p><a href=\"https:\/\/www.kfi.se\/wp-content\/uploads\/2022\/01\/KFi-rapport-173.pdf\" target=\"_blank\" rel=\"noopener\">L\u00e4s rapporten h\u00e4r<\/a><\/p>\n<p>&nbsp;<\/p>\n<p>&nbsp;<\/p>\n","protected":false},"excerpt":{"rendered":"<p>KFi-rapport 173 Covid-19-pandemin som f\u00f6r\u00e4ndringskraft Av: Jessica Algehed och Christian Jensen Rapporten bygger p\u00e5 material som Kommunforskning i V\u00e4stsverige samlat in inom ramen f\u00f6r forskningsprogrammet KomCo (Kommuner i coronatider), en utv\u00e4rdering av hur v\u00e4stsvenska kommuner samt V\u00e4stra G\u00f6talandsregionen arbetade under pandemin. \u00d6vergripande fr\u00e5gest\u00e4llningar i rapporten \u00e4r: vad har pr\u00e4glat l\u00e4randet under pandemin?, hur kan gjorda &hellip; <a href=\"https:\/\/www.kfi.se\/wp-index.php\/2022\/01\/12\/ny-rapport-covid-19-pandemin-som-forandringskraft\/\" class=\"more-link\">Forts\u00e4tt l\u00e4sa <span class=\"screen-reader-text\">Ny rapport &#8211; Covid-19-pandemin som f\u00f6r\u00e4ndringskraft<\/span><\/a><\/p>\n","protected":false},"author":3,"featured_media":0,"comment_status":"closed","ping_status":"closed","sticky":false,"template":"","format":"standard","meta":{"footnotes":""},"categories":[1],"tags":[],"class_list":["post-4356","post","type-post","status-publish","format-standard","hentry","category-okategoriserade"],"_links":{"self":[{"href":"https:\/\/www.kfi.se\/wp-index.php\/wp-json\/wp\/v2\/posts\/4356"}],"collection":[{"href":"https:\/\/www.kfi.se\/wp-index.php\/wp-json\/wp\/v2\/posts"}],"about":[{"href":"https:\/\/www.kfi.se\/wp-index.php\/wp-json\/wp\/v2\/types\/post"}],"author":[{"embeddable":true,"href":"https:\/\/www.kfi.se\/wp-index.php\/wp-json\/wp\/v2\/users\/3"}],"replies":[{"embeddable":true,"href":"https:\/\/www.kfi.se\/wp-index.php\/wp-json\/wp\/v2\/comments?post=4356"}],"version-history":[{"count":1,"href":"https:\/\/www.kfi.se\/wp-index.php\/wp-json\/wp\/v2\/posts\/4356\/revisions"}],"predecessor-version":[{"id":4358,"href":"https:\/\/www.kfi.se\/wp-index.php\/wp-json\/wp\/v2\/posts\/4356\/revisions\/4358"}],"wp:attachment":[{"href":"https:\/\/www.kfi.se\/wp-index.php\/wp-json\/wp\/v2\/media?parent=4356"}],"wp:term":[{"taxonomy":"category","embeddable":true,"href":"https:\/\/www.kfi.se\/wp-index.php\/wp-json\/wp\/v2\/categories?post=4356"},{"taxonomy":"post_tag","embeddable":true,"href":"https:\/\/www.kfi.se\/wp-index.php\/wp-json\/wp\/v2\/tags?post=4356"}],"curies":[{"name":"wp","href":"https:\/\/api.w.org\/{rel}","templated":true}]}}