{"id":4373,"date":"2022-01-13T14:26:54","date_gmt":"2022-01-13T13:26:54","guid":{"rendered":"https:\/\/www.kfi.se\/wp-index.php\/?p=4373"},"modified":"2022-01-14T14:34:41","modified_gmt":"2022-01-14T13:34:41","slug":"varens-seminarier-pa-kfi-2022","status":"publish","type":"post","link":"https:\/\/www.kfi.se\/wp-index.php\/2022\/01\/13\/varens-seminarier-pa-kfi-2022\/","title":{"rendered":"V\u00e5rens seminarier p\u00e5 KFi &#8211; 2022"},"content":{"rendered":"<p style=\"margin: 4.5pt 0cm 4.5pt 0cm;\"><strong><span style=\"font-size: 13.0pt; font-family: 'Arial',sans-serif;\">V\u00e4lkommen till v\u00e5rens seminarier p\u00e5 KFi!\u00a0<\/span><\/strong><\/p>\n<p><span style=\"font-size: 10.0pt;\">Under v\u00e5ren kommer fem seminarier att ges p\u00e5 KFi.<br \/>\nInbjudningar till resp seminarium skickas ut i n\u00e4rmare anslutning till detta.\u00a0<\/span><\/p>\n<p style=\"margin: 4.5pt 0cm 4.5pt 0cm;\"><strong><span style=\"font-family: 'Arial',sans-serif;\">V\u00e4lf\u00e4rdsbokslut \u2013 framtidens styrning eller lyxf\u00f6rpackad statistik? <\/span><\/strong><\/p>\n<p><em><span style=\"font-family: 'Arial',sans-serif;\">Cristian Lagstr\u00f6m<\/span><\/em> och\u00a0<em><span style=\"font-family: 'Arial',sans-serif;\">Caroline Lepp\u00e4nen<br \/>\n<\/span><\/em>Fredagen den 18 februari 2022 kl. 13.00-14.30, via Zoom<\/p>\n<p><strong><span style=\"font-family: 'Arial',sans-serif;\">Tillit och styrning i tillblivelse! Ett id\u00e9seminarium kring nya s\u00e4tt att styra och leda verksamheten<br \/>\n<\/span><\/strong><em><span style=\"font-family: 'Arial',sans-serif;\">Gustaf Kastberg Weichselberger <\/span><\/em>och\u00a0<em><span style=\"font-family: 'Arial',sans-serif;\">Sven Siverbo<br \/>\n<\/span><\/em>Onsdagen den 2 mars 2022 kl. 13.00-16.00, p\u00e5 Handelsh\u00f6gskolan eller Zoom beroende p\u00e5 smittl\u00e4get<\/p>\n<p><strong><span style=\"font-family: 'Arial',sans-serif;\">Digitalisering av l\u00e4rarnas arbete, roller och tidsstyrning<br \/>\n<\/span><\/strong><em><span style=\"font-family: 'Arial',sans-serif;\">Johan Sand\u00e9n<br \/>\n<\/span><\/em>Fredagen den 11 mars 2022 kl. 13.00-14.30, via Zoom<\/p>\n<p style=\"margin: 4.5pt 0cm 4.5pt 0cm;\"><strong><span style=\"font-family: 'Arial',sans-serif;\">Strategisk fastighetsf\u00f6rvaltning<\/span><\/strong><\/p>\n<p style=\"margin: 4.5pt 0cm 4.5pt 0cm;\"><em><span style=\"font-family: 'Arial',sans-serif;\">Sara Brorstr\u00f6m<\/span><\/em><\/p>\n<p style=\"margin: 4.5pt 0cm 4.5pt 0cm;\">Fredagen den 22 april 2022 kl. 13.00-14.30, via Zoom<\/p>\n<p style=\"margin: 4.5pt 0cm 4.5pt 0cm;\"><strong><span style=\"font-family: 'Arial',sans-serif;\"><br \/>\nL\u00e4rdomar Coronahantering<\/span><\/strong><\/p>\n<p style=\"margin: 4.5pt 0cm 4.5pt 0cm;\"><em><span style=\"font-family: 'Arial',sans-serif;\">Bj\u00f6rn Brorstr\u00f6m <\/span><\/em>och\u00a0<em><span style=\"font-family: 'Arial',sans-serif;\">Gustaf Kastberg Weichselberger<\/span><\/em><\/p>\n<p style=\"margin: 4.5pt 0cm 4.5pt 0cm;\">Onsdagen den 18 maj kl. 13.00-14.30, via Zoom<\/p>\n<p>&nbsp;<\/p>\n<p style=\"margin: 4.5pt 0cm 4.5pt 0cm;\"><a href=\"https:\/\/www.kfi.se\/wp-content\/uploads\/2022\/01\/Varen-2022-seminarier.pdf\" target=\"_blank\" rel=\"noopener\"><span style=\"color: #2a5db0;\">V\u00e5rens KFi seminarier (PDF)<\/span><\/a><\/p>\n<p>&nbsp;<\/p>\n<p style=\"margin: 4.5pt 0cm 4.5pt 0cm;\">Varmt v\u00e4lkommen !<\/p>\n<p>&nbsp;<\/p>\n<p style=\"margin: 4.5pt 0cm 4.5pt 0cm;\">Viveka Nilsson<\/p>\n<p>&nbsp;<\/p>\n<p>&nbsp;<\/p>\n","protected":false},"excerpt":{"rendered":"<p>V\u00e4lkommen till v\u00e5rens seminarier p\u00e5 KFi!\u00a0 Under v\u00e5ren kommer fem seminarier att ges p\u00e5 KFi. Inbjudningar till resp seminarium skickas ut i n\u00e4rmare anslutning till detta.\u00a0 V\u00e4lf\u00e4rdsbokslut \u2013 framtidens styrning eller lyxf\u00f6rpackad statistik? Cristian Lagstr\u00f6m och\u00a0Caroline Lepp\u00e4nen Fredagen den 18 februari 2022 kl. 13.00-14.30, via Zoom Tillit och styrning i tillblivelse! Ett id\u00e9seminarium kring nya &hellip; <a href=\"https:\/\/www.kfi.se\/wp-index.php\/2022\/01\/13\/varens-seminarier-pa-kfi-2022\/\" class=\"more-link\">Forts\u00e4tt l\u00e4sa <span class=\"screen-reader-text\">V\u00e5rens seminarier p\u00e5 KFi &#8211; 2022<\/span><\/a><\/p>\n","protected":false},"author":3,"featured_media":0,"comment_status":"closed","ping_status":"closed","sticky":false,"template":"","format":"standard","meta":{"footnotes":""},"categories":[1],"tags":[],"class_list":["post-4373","post","type-post","status-publish","format-standard","hentry","category-okategoriserade"],"_links":{"self":[{"href":"https:\/\/www.kfi.se\/wp-index.php\/wp-json\/wp\/v2\/posts\/4373"}],"collection":[{"href":"https:\/\/www.kfi.se\/wp-index.php\/wp-json\/wp\/v2\/posts"}],"about":[{"href":"https:\/\/www.kfi.se\/wp-index.php\/wp-json\/wp\/v2\/types\/post"}],"author":[{"embeddable":true,"href":"https:\/\/www.kfi.se\/wp-index.php\/wp-json\/wp\/v2\/users\/3"}],"replies":[{"embeddable":true,"href":"https:\/\/www.kfi.se\/wp-index.php\/wp-json\/wp\/v2\/comments?post=4373"}],"version-history":[{"count":4,"href":"https:\/\/www.kfi.se\/wp-index.php\/wp-json\/wp\/v2\/posts\/4373\/revisions"}],"predecessor-version":[{"id":4382,"href":"https:\/\/www.kfi.se\/wp-index.php\/wp-json\/wp\/v2\/posts\/4373\/revisions\/4382"}],"wp:attachment":[{"href":"https:\/\/www.kfi.se\/wp-index.php\/wp-json\/wp\/v2\/media?parent=4373"}],"wp:term":[{"taxonomy":"category","embeddable":true,"href":"https:\/\/www.kfi.se\/wp-index.php\/wp-json\/wp\/v2\/categories?post=4373"},{"taxonomy":"post_tag","embeddable":true,"href":"https:\/\/www.kfi.se\/wp-index.php\/wp-json\/wp\/v2\/tags?post=4373"}],"curies":[{"name":"wp","href":"https:\/\/api.w.org\/{rel}","templated":true}]}}