{"id":4478,"date":"2022-02-14T11:48:56","date_gmt":"2022-02-14T10:48:56","guid":{"rendered":"https:\/\/www.kfi.se\/wp-index.php\/?p=4478"},"modified":"2022-02-22T14:24:11","modified_gmt":"2022-02-22T13:24:11","slug":"kfi-rapport-176-en-kommunikativ-kris-kriskommunikation-under-covid-19","status":"publish","type":"post","link":"https:\/\/www.kfi.se\/wp-index.php\/2022\/02\/14\/kfi-rapport-176-en-kommunikativ-kris-kriskommunikation-under-covid-19\/","title":{"rendered":"KFi-rapport &#8211; En kommunikativ kris &#8211; Kriskommunikation under Covid-19"},"content":{"rendered":"<p>KFi-rapport 176<\/p>\n<p><strong>En kommunikativ kris &#8211; Kriskommunikation under Covid-19<\/strong><\/p>\n<p>Av: Bengt Johansson<\/p>\n<p>Rapportens f\u00f6rsta del handlar generellt om kriser, krishantering och coronapandemin. \u00c4ven mediernas betydelse f\u00f6r kriser diskuteras liksom ocks\u00e5 den svenska riskkulturen och olika aspekter av opinionsbildning under pandemin. I rapportens andra del ligger fokus p\u00e5 organisationsperspektiv d\u00e4r erfarenheterna fr\u00e5n KFi:s forskningsprogram KomCo (Kommuner i Coronatider) tas upp till belysning. I fokus st\u00e5r hur kommuner och regioner hanterat pandemin. En slutsats \u00e4r att m\u00e5nga saker g\u00e5tt v\u00e4ldigt bra och att verksamheten har fungerat, \u00e4ven om den var ordentligt ansatt i b\u00f6rjan av pandemin.<\/p>\n<p><a href=\"https:\/\/www.kfi.se\/wp-content\/uploads\/2022\/02\/KFi-rapport-176.pdf\" target=\"_blank\" rel=\"noopener\">L\u00e4s rapporten h\u00e4r<\/a><\/p>\n<p>&nbsp;<\/p>\n<p>&nbsp;<\/p>\n<p>&nbsp;<\/p>\n","protected":false},"excerpt":{"rendered":"<p>KFi-rapport 176 En kommunikativ kris &#8211; Kriskommunikation under Covid-19 Av: Bengt Johansson Rapportens f\u00f6rsta del handlar generellt om kriser, krishantering och coronapandemin. \u00c4ven mediernas betydelse f\u00f6r kriser diskuteras liksom ocks\u00e5 den svenska riskkulturen och olika aspekter av opinionsbildning under pandemin. I rapportens andra del ligger fokus p\u00e5 organisationsperspektiv d\u00e4r erfarenheterna fr\u00e5n KFi:s forskningsprogram KomCo (Kommuner &hellip; <a href=\"https:\/\/www.kfi.se\/wp-index.php\/2022\/02\/14\/kfi-rapport-176-en-kommunikativ-kris-kriskommunikation-under-covid-19\/\" class=\"more-link\">Forts\u00e4tt l\u00e4sa <span class=\"screen-reader-text\">KFi-rapport &#8211; En kommunikativ kris &#8211; Kriskommunikation under Covid-19<\/span><\/a><\/p>\n","protected":false},"author":3,"featured_media":0,"comment_status":"closed","ping_status":"closed","sticky":false,"template":"","format":"standard","meta":{"footnotes":""},"categories":[1],"tags":[],"class_list":["post-4478","post","type-post","status-publish","format-standard","hentry","category-okategoriserade"],"_links":{"self":[{"href":"https:\/\/www.kfi.se\/wp-index.php\/wp-json\/wp\/v2\/posts\/4478"}],"collection":[{"href":"https:\/\/www.kfi.se\/wp-index.php\/wp-json\/wp\/v2\/posts"}],"about":[{"href":"https:\/\/www.kfi.se\/wp-index.php\/wp-json\/wp\/v2\/types\/post"}],"author":[{"embeddable":true,"href":"https:\/\/www.kfi.se\/wp-index.php\/wp-json\/wp\/v2\/users\/3"}],"replies":[{"embeddable":true,"href":"https:\/\/www.kfi.se\/wp-index.php\/wp-json\/wp\/v2\/comments?post=4478"}],"version-history":[{"count":3,"href":"https:\/\/www.kfi.se\/wp-index.php\/wp-json\/wp\/v2\/posts\/4478\/revisions"}],"predecessor-version":[{"id":4507,"href":"https:\/\/www.kfi.se\/wp-index.php\/wp-json\/wp\/v2\/posts\/4478\/revisions\/4507"}],"wp:attachment":[{"href":"https:\/\/www.kfi.se\/wp-index.php\/wp-json\/wp\/v2\/media?parent=4478"}],"wp:term":[{"taxonomy":"category","embeddable":true,"href":"https:\/\/www.kfi.se\/wp-index.php\/wp-json\/wp\/v2\/categories?post=4478"},{"taxonomy":"post_tag","embeddable":true,"href":"https:\/\/www.kfi.se\/wp-index.php\/wp-json\/wp\/v2\/tags?post=4478"}],"curies":[{"name":"wp","href":"https:\/\/api.w.org\/{rel}","templated":true}]}}