{"id":4483,"date":"2022-02-14T14:32:56","date_gmt":"2022-02-14T13:32:56","guid":{"rendered":"https:\/\/www.kfi.se\/wp-index.php\/?p=4483"},"modified":"2022-02-14T14:32:56","modified_gmt":"2022-02-14T13:32:56","slug":"seminarium-om-digitalisering-av-larares-arbete-roller-och-tidsstyrning","status":"publish","type":"post","link":"https:\/\/www.kfi.se\/wp-index.php\/2022\/02\/14\/seminarium-om-digitalisering-av-larares-arbete-roller-och-tidsstyrning\/","title":{"rendered":"Seminarium om Digitalisering av l\u00e4rares arbete \u2013 roller och tidsstyrning"},"content":{"rendered":"<p><strong>Seminarium om Digitalisering av l\u00e4rares arbete \u2013 roller och tidsstyrning<\/strong><\/p>\n<p>Det finns stora f\u00f6rhoppningar p\u00e5 att digitalisering av offentlig f\u00f6rvaltning ska leda till f\u00f6rb\u00e4ttringar p\u00e5 olika s\u00e4tt. Inom skolan finns s\u00e4rskilt starka f\u00f6rhoppningar om ekonomiska besparingar, f\u00f6rb\u00e4ttrad arbetsmilj\u00f6 och h\u00f6jd kvalitet i utbildningen. Digitaliseringar har visat sig kunna f\u00f6rst\u00e4rka l\u00e4rares roller som administrat\u00f6rer, sk\u00e5despelare och PR-konsulter, samtidigt som deras expertroll riskerar att tr\u00e4ngas undan. Digitaliseringar medf\u00f6r \u00e4ven implicit tidsreglering av l\u00e4rares arbete som kan inneb\u00e4ra s\u00e5v\u00e4l hastighets\u00f6kningar som -s\u00e4nkningar, men \u00e4ven andra tidsstrukturer f\u00f6r arbetet. Seminariet s\u00e4tter l\u00e4rares arbete i centrum och med utg\u00e5ngspunkt i sin avhandling fokuserar Johan Sand\u00e9n p\u00e5 hur arbetet p\u00e5verkas av olika typer av digitalisering s\u00e5som: Sociala medier, L\u00e4rplattformar, Undervisningens digitalisering och Digitalisering som organisatoriskt och politiskt styrmedel.<\/p>\n<p><strong>Seminariet \u00e4ger rum p\u00e5 Zoom den 11 mars kl 13.00-14.30 (se l\u00e4nk).<\/strong><\/p>\n<p><a href=\"https:\/\/www.kfi.se\/wp-content\/uploads\/2022\/02\/Seminarium-Digitalisering-larare.pdf\" target=\"_blank\" rel=\"noopener\">L\u00e4s mer om seminariet (PDF)\u00a0<\/a><\/p>\n<p><a href=\"https:\/\/www.kfi.se\/wp-content\/uploads\/2022\/02\/KFi-seminarier-varen-2022.pdf\" target=\"_blank\" rel=\"noopener\">Se programmet f\u00f6r alla v\u00e5rens seminarier (PDF)<\/a><\/p>\n<p><em><br \/>\nVarmt v\u00e4lkommen!<\/em><\/p>\n<p><em>Viveka Nilsson<\/em><\/p>\n<p>&nbsp;<\/p>\n","protected":false},"excerpt":{"rendered":"<p>Seminarium om Digitalisering av l\u00e4rares arbete \u2013 roller och tidsstyrning Det finns stora f\u00f6rhoppningar p\u00e5 att digitalisering av offentlig f\u00f6rvaltning ska leda till f\u00f6rb\u00e4ttringar p\u00e5 olika s\u00e4tt. Inom skolan finns s\u00e4rskilt starka f\u00f6rhoppningar om ekonomiska besparingar, f\u00f6rb\u00e4ttrad arbetsmilj\u00f6 och h\u00f6jd kvalitet i utbildningen. Digitaliseringar har visat sig kunna f\u00f6rst\u00e4rka l\u00e4rares roller som administrat\u00f6rer, sk\u00e5despelare och &hellip; <a href=\"https:\/\/www.kfi.se\/wp-index.php\/2022\/02\/14\/seminarium-om-digitalisering-av-larares-arbete-roller-och-tidsstyrning\/\" class=\"more-link\">Forts\u00e4tt l\u00e4sa <span class=\"screen-reader-text\">Seminarium om Digitalisering av l\u00e4rares arbete \u2013 roller och tidsstyrning<\/span><\/a><\/p>\n","protected":false},"author":3,"featured_media":0,"comment_status":"closed","ping_status":"closed","sticky":false,"template":"","format":"standard","meta":{"footnotes":""},"categories":[1],"tags":[],"class_list":["post-4483","post","type-post","status-publish","format-standard","hentry","category-okategoriserade"],"_links":{"self":[{"href":"https:\/\/www.kfi.se\/wp-index.php\/wp-json\/wp\/v2\/posts\/4483"}],"collection":[{"href":"https:\/\/www.kfi.se\/wp-index.php\/wp-json\/wp\/v2\/posts"}],"about":[{"href":"https:\/\/www.kfi.se\/wp-index.php\/wp-json\/wp\/v2\/types\/post"}],"author":[{"embeddable":true,"href":"https:\/\/www.kfi.se\/wp-index.php\/wp-json\/wp\/v2\/users\/3"}],"replies":[{"embeddable":true,"href":"https:\/\/www.kfi.se\/wp-index.php\/wp-json\/wp\/v2\/comments?post=4483"}],"version-history":[{"count":1,"href":"https:\/\/www.kfi.se\/wp-index.php\/wp-json\/wp\/v2\/posts\/4483\/revisions"}],"predecessor-version":[{"id":4486,"href":"https:\/\/www.kfi.se\/wp-index.php\/wp-json\/wp\/v2\/posts\/4483\/revisions\/4486"}],"wp:attachment":[{"href":"https:\/\/www.kfi.se\/wp-index.php\/wp-json\/wp\/v2\/media?parent=4483"}],"wp:term":[{"taxonomy":"category","embeddable":true,"href":"https:\/\/www.kfi.se\/wp-index.php\/wp-json\/wp\/v2\/categories?post=4483"},{"taxonomy":"post_tag","embeddable":true,"href":"https:\/\/www.kfi.se\/wp-index.php\/wp-json\/wp\/v2\/tags?post=4483"}],"curies":[{"name":"wp","href":"https:\/\/api.w.org\/{rel}","templated":true}]}}