{"id":4521,"date":"2022-03-07T07:45:58","date_gmt":"2022-03-07T06:45:58","guid":{"rendered":"https:\/\/www.kfi.se\/wp-index.php\/?p=4521"},"modified":"2022-03-07T09:08:54","modified_gmt":"2022-03-07T08:08:54","slug":"ny-kfi-rapport-den-finansiella-profilen-vaxelverkan-mellan-teori-och-praktik","status":"publish","type":"post","link":"https:\/\/www.kfi.se\/wp-index.php\/2022\/03\/07\/ny-kfi-rapport-den-finansiella-profilen-vaxelverkan-mellan-teori-och-praktik\/","title":{"rendered":"Ny KFi-rapport &#8211; Den finansiella profilen \u2013 v\u00e4xelverkan mellan teori och praktik &#8230;"},"content":{"rendered":"<p>KFi-rapport 177<\/p>\n<p><strong>Den finansiella profilen \u2013 v\u00e4xelverkan mellan teori och praktik som bidrar till att \u00f6ka effektiviteten i kommuner och regioner<\/strong><\/p>\n<p>Av: Hans Petersson<\/p>\n<p>F\u00f6r m\u00e5nga kommuner har den vid KFi utvecklade finansiella profilen, som varit i bruk i drygt 20 \u00e5r, blivit ett viktigt instrument och \u00e5terkommande inslag i s\u00e5v\u00e4l budget- som uppf\u00f6ljningsprocessen.\u00a0Den finansiella profilen bidrar till \u00f6kad effektivitet genom att belysa vilka starka och svaga finansiella sidor en kommun har i f\u00f6rh\u00e5llande till andra kommuner i en j\u00e4mf\u00f6rbar grupp. I rapporten belyses den finansiella profilen utifr\u00e5n olika infallsvinklar d\u00e4r bland annat dess styrkor och svagheter lyfts fram, uppfattningar fr\u00e5n anv\u00e4ndarna tas upp, profilens roll i att bidra till att f\u00f6rst\u00e5 kommunal ekonomi och kommunalekonomiskt agerande samt profilens framtida utveckling.<\/p>\n<p><a href=\"https:\/\/www.kfi.se\/wp-content\/uploads\/2022\/03\/KFi-rapport-177.pdf\" target=\"_blank\" rel=\"noopener\">L\u00e4s rapporten h\u00e4r<\/a><\/p>\n<p>&nbsp;<\/p>\n<p>&nbsp;<\/p>\n","protected":false},"excerpt":{"rendered":"<p>KFi-rapport 177 Den finansiella profilen \u2013 v\u00e4xelverkan mellan teori och praktik som bidrar till att \u00f6ka effektiviteten i kommuner och regioner Av: Hans Petersson F\u00f6r m\u00e5nga kommuner har den vid KFi utvecklade finansiella profilen, som varit i bruk i drygt 20 \u00e5r, blivit ett viktigt instrument och \u00e5terkommande inslag i s\u00e5v\u00e4l budget- som uppf\u00f6ljningsprocessen.\u00a0Den finansiella &hellip; <a href=\"https:\/\/www.kfi.se\/wp-index.php\/2022\/03\/07\/ny-kfi-rapport-den-finansiella-profilen-vaxelverkan-mellan-teori-och-praktik\/\" class=\"more-link\">Forts\u00e4tt l\u00e4sa <span class=\"screen-reader-text\">Ny KFi-rapport &#8211; Den finansiella profilen \u2013 v\u00e4xelverkan mellan teori och praktik &#8230;<\/span><\/a><\/p>\n","protected":false},"author":3,"featured_media":0,"comment_status":"closed","ping_status":"closed","sticky":false,"template":"","format":"standard","meta":{"footnotes":""},"categories":[1],"tags":[],"class_list":["post-4521","post","type-post","status-publish","format-standard","hentry","category-okategoriserade"],"_links":{"self":[{"href":"https:\/\/www.kfi.se\/wp-index.php\/wp-json\/wp\/v2\/posts\/4521"}],"collection":[{"href":"https:\/\/www.kfi.se\/wp-index.php\/wp-json\/wp\/v2\/posts"}],"about":[{"href":"https:\/\/www.kfi.se\/wp-index.php\/wp-json\/wp\/v2\/types\/post"}],"author":[{"embeddable":true,"href":"https:\/\/www.kfi.se\/wp-index.php\/wp-json\/wp\/v2\/users\/3"}],"replies":[{"embeddable":true,"href":"https:\/\/www.kfi.se\/wp-index.php\/wp-json\/wp\/v2\/comments?post=4521"}],"version-history":[{"count":1,"href":"https:\/\/www.kfi.se\/wp-index.php\/wp-json\/wp\/v2\/posts\/4521\/revisions"}],"predecessor-version":[{"id":4523,"href":"https:\/\/www.kfi.se\/wp-index.php\/wp-json\/wp\/v2\/posts\/4521\/revisions\/4523"}],"wp:attachment":[{"href":"https:\/\/www.kfi.se\/wp-index.php\/wp-json\/wp\/v2\/media?parent=4521"}],"wp:term":[{"taxonomy":"category","embeddable":true,"href":"https:\/\/www.kfi.se\/wp-index.php\/wp-json\/wp\/v2\/categories?post=4521"},{"taxonomy":"post_tag","embeddable":true,"href":"https:\/\/www.kfi.se\/wp-index.php\/wp-json\/wp\/v2\/tags?post=4521"}],"curies":[{"name":"wp","href":"https:\/\/api.w.org\/{rel}","templated":true}]}}