{"id":4565,"date":"2022-04-06T15:10:45","date_gmt":"2022-04-06T13:10:45","guid":{"rendered":"https:\/\/www.kfi.se\/wp-index.php\/?p=4565"},"modified":"2023-06-22T14:17:36","modified_gmt":"2023-06-22T12:17:36","slug":"seminarium-om-kommunal-koncernstyrning-28-april","status":"publish","type":"post","link":"https:\/\/www.kfi.se\/wp-index.php\/2022\/04\/06\/seminarium-om-kommunal-koncernstyrning-28-april\/","title":{"rendered":"Seminarium om kommunal koncernstyrning &#8211; 28 april"},"content":{"rendered":"<p><strong>Hela kommunkoncernen ska bidra! Seminarium om kommunal koncernstyrning <\/strong><\/p>\n<p>Sveriges kommuner har en betydande frihet att v\u00e4lja hur de vill organisera sin verksamhet. En frihet kommunerna ocks\u00e5 utnyttjar; hel- och del\u00e4gda bolag, gemensamma n\u00e4mnder och kommunalf\u00f6rbund. Allt mer komplexa kommunala organisationer f\u00f6ruts\u00e4tter en genomarbetad kommunal koncernstyrning f\u00f6r att m\u00f6ta dagens och morgondagens utmaningar. Ett \u201dkoncernt\u00e4nk\u201d sprider sig ocks\u00e5 inom kommunsektorn och det finns tydliga tecken p\u00e5 att Sveriges kommuner har p\u00e5b\u00f6rjat arbetet med att utveckla sin koncernstyrning.<\/p>\n<p>Koncernstyrning \u00e4r dock inte enkelt! Kommunala koncerner best\u00e5r av ett konglomerat av olika verksamheter som bedrivs inom ramen f\u00f6r olika juridiska former. Hur skulle man kunna t\u00e4nka sig att strukturera den formella styrningen utifr\u00e5n ett koncernperspektiv? Finns det en idealbild? Hur knyter vi an den goda hush\u00e5llningen till styrningen av den kommunala koncernen? P\u00e5 vilket s\u00e4tt p\u00e5verkar organisationsstrukturen?<\/p>\n<p>Den kommunala koncernstyrningen \u00e4r i sin linda, men de senaste \u00e5ren har n\u00e5gra projekt som ber\u00f6r kommunal koncernstyrning genomf\u00f6rts inom ramen f\u00f6r KEFU finansierad forskning i Lund. Dessa studier ger inblickar i de utmaningar, utvecklingstendenser och i id\u00e9er p\u00e5 l\u00f6sningar som finns. Webinariet lyfter fram centrala fynd, tankar och id\u00e9er sprungna ur dessa projekt, kompletterat med kommentarer fr\u00e5n en stor kommunal koncern.<\/p>\n<p><strong>Datum:<\/strong>\u00a028 april<br \/>\n<strong>Tid:<\/strong>\u00a0kl 13.00 \u2013 14.00<br \/>\n<strong>Arrang\u00f6r:<\/strong>\u00a0Kommuninvest i samarbete med KEFU<\/p>\n<p><strong>Medverkande:<br \/>\n<\/strong>Mattias Haraldsson (talare), Ekonomih\u00f6gskolan vid Lunds universitet<br \/>\nHenrik Weimarsson, Ekonomidirekt\u00f6r, Lunds kommun<\/p>\n<p>V\u00e4lkommen<\/p>\n","protected":false},"excerpt":{"rendered":"<p>Hela kommunkoncernen ska bidra! Seminarium om kommunal koncernstyrning Sveriges kommuner har en betydande frihet att v\u00e4lja hur de vill organisera sin verksamhet. En frihet kommunerna ocks\u00e5 utnyttjar; hel- och del\u00e4gda bolag, gemensamma n\u00e4mnder och kommunalf\u00f6rbund. Allt mer komplexa kommunala organisationer f\u00f6ruts\u00e4tter en genomarbetad kommunal koncernstyrning f\u00f6r att m\u00f6ta dagens och morgondagens utmaningar. Ett \u201dkoncernt\u00e4nk\u201d sprider &hellip; <a href=\"https:\/\/www.kfi.se\/wp-index.php\/2022\/04\/06\/seminarium-om-kommunal-koncernstyrning-28-april\/\" class=\"more-link\">Forts\u00e4tt l\u00e4sa <span class=\"screen-reader-text\">Seminarium om kommunal koncernstyrning &#8211; 28 april<\/span><\/a><\/p>\n","protected":false},"author":3,"featured_media":0,"comment_status":"closed","ping_status":"closed","sticky":false,"template":"","format":"standard","meta":{"footnotes":""},"categories":[1],"tags":[],"class_list":["post-4565","post","type-post","status-publish","format-standard","hentry","category-okategoriserade"],"_links":{"self":[{"href":"https:\/\/www.kfi.se\/wp-index.php\/wp-json\/wp\/v2\/posts\/4565"}],"collection":[{"href":"https:\/\/www.kfi.se\/wp-index.php\/wp-json\/wp\/v2\/posts"}],"about":[{"href":"https:\/\/www.kfi.se\/wp-index.php\/wp-json\/wp\/v2\/types\/post"}],"author":[{"embeddable":true,"href":"https:\/\/www.kfi.se\/wp-index.php\/wp-json\/wp\/v2\/users\/3"}],"replies":[{"embeddable":true,"href":"https:\/\/www.kfi.se\/wp-index.php\/wp-json\/wp\/v2\/comments?post=4565"}],"version-history":[{"count":2,"href":"https:\/\/www.kfi.se\/wp-index.php\/wp-json\/wp\/v2\/posts\/4565\/revisions"}],"predecessor-version":[{"id":5235,"href":"https:\/\/www.kfi.se\/wp-index.php\/wp-json\/wp\/v2\/posts\/4565\/revisions\/5235"}],"wp:attachment":[{"href":"https:\/\/www.kfi.se\/wp-index.php\/wp-json\/wp\/v2\/media?parent=4565"}],"wp:term":[{"taxonomy":"category","embeddable":true,"href":"https:\/\/www.kfi.se\/wp-index.php\/wp-json\/wp\/v2\/categories?post=4565"},{"taxonomy":"post_tag","embeddable":true,"href":"https:\/\/www.kfi.se\/wp-index.php\/wp-json\/wp\/v2\/tags?post=4565"}],"curies":[{"name":"wp","href":"https:\/\/api.w.org\/{rel}","templated":true}]}}