{"id":4614,"date":"2022-04-28T16:04:05","date_gmt":"2022-04-28T14:04:05","guid":{"rendered":"https:\/\/www.kfi.se\/wp-index.php\/?p=4614"},"modified":"2022-04-28T16:07:27","modified_gmt":"2022-04-28T14:07:27","slug":"seminarium-lardomar-av-hantering-av-corona-i-kommuner-och-regioner","status":"publish","type":"post","link":"https:\/\/www.kfi.se\/wp-index.php\/2022\/04\/28\/seminarium-lardomar-av-hantering-av-corona-i-kommuner-och-regioner\/","title":{"rendered":"SEMINARIUM: L\u00c4RDOMAR AV HANTERING AV CORONA I KOMMUNER OCH REGIONER"},"content":{"rendered":"<p><strong>L\u00c4RDOMAR AV HANTERING AV CORONA I KOMMUNER OCH REGIONER<\/strong><\/p>\n<p>Seminariet bygger p\u00e5 de erfarenheter som gjorts inom ramen f\u00f6r forsknings- och utv\u00e4rderingsprogrammet KomCo, Kommuner och regioner i Coronatider.<\/p>\n<p>Programmet fokuserar \u00f6vergripande organisations- och ledningsutmaningar. Under seminariet ges en sammanfattning kring de iakttagelser som gjorts fram till nu.<\/p>\n<p>&nbsp;<\/p>\n<p><strong>Bland annat fokuseras:<\/strong><\/p>\n<p>-Relationen mellan politiker och tj\u00e4nstem\u00e4n<\/p>\n<p>-Beredskapsplaners roll<\/p>\n<p>-Den svenska f\u00f6rvaltningsmodellen<\/p>\n<p>-Omsorgens f\u00f6ruts\u00e4ttningar<\/p>\n<p>&nbsp;<\/p>\n<p><strong>Seminariet \u00e4ger rum p\u00e5 Zoom den 18 maj kl 13.00-14.00 (se l\u00e4nk\u00a0 till anm\u00e4lan nedan)<\/strong><\/p>\n<p>&nbsp;<\/p>\n<p><a href=\"https:\/\/www.kfi.se\/wp-content\/uploads\/2022\/04\/Seminarium-Coronahantering.pdf\" target=\"_blank\" rel=\"noopener\">L\u00e4s mer om seminariet (\u00f6ppnas i PDF)<\/a><\/p>\n<p>&nbsp;<\/p>\n","protected":false},"excerpt":{"rendered":"<p>L\u00c4RDOMAR AV HANTERING AV CORONA I KOMMUNER OCH REGIONER Seminariet bygger p\u00e5 de erfarenheter som gjorts inom ramen f\u00f6r forsknings- och utv\u00e4rderingsprogrammet KomCo, Kommuner och regioner i Coronatider. Programmet fokuserar \u00f6vergripande organisations- och ledningsutmaningar. Under seminariet ges en sammanfattning kring de iakttagelser som gjorts fram till nu. &nbsp; Bland annat fokuseras: -Relationen mellan politiker och &hellip; <a href=\"https:\/\/www.kfi.se\/wp-index.php\/2022\/04\/28\/seminarium-lardomar-av-hantering-av-corona-i-kommuner-och-regioner\/\" class=\"more-link\">Forts\u00e4tt l\u00e4sa <span class=\"screen-reader-text\">SEMINARIUM: L\u00c4RDOMAR AV HANTERING AV CORONA I KOMMUNER OCH REGIONER<\/span><\/a><\/p>\n","protected":false},"author":3,"featured_media":0,"comment_status":"closed","ping_status":"closed","sticky":false,"template":"","format":"standard","meta":{"footnotes":""},"categories":[1],"tags":[],"class_list":["post-4614","post","type-post","status-publish","format-standard","hentry","category-okategoriserade"],"_links":{"self":[{"href":"https:\/\/www.kfi.se\/wp-index.php\/wp-json\/wp\/v2\/posts\/4614"}],"collection":[{"href":"https:\/\/www.kfi.se\/wp-index.php\/wp-json\/wp\/v2\/posts"}],"about":[{"href":"https:\/\/www.kfi.se\/wp-index.php\/wp-json\/wp\/v2\/types\/post"}],"author":[{"embeddable":true,"href":"https:\/\/www.kfi.se\/wp-index.php\/wp-json\/wp\/v2\/users\/3"}],"replies":[{"embeddable":true,"href":"https:\/\/www.kfi.se\/wp-index.php\/wp-json\/wp\/v2\/comments?post=4614"}],"version-history":[{"count":3,"href":"https:\/\/www.kfi.se\/wp-index.php\/wp-json\/wp\/v2\/posts\/4614\/revisions"}],"predecessor-version":[{"id":4618,"href":"https:\/\/www.kfi.se\/wp-index.php\/wp-json\/wp\/v2\/posts\/4614\/revisions\/4618"}],"wp:attachment":[{"href":"https:\/\/www.kfi.se\/wp-index.php\/wp-json\/wp\/v2\/media?parent=4614"}],"wp:term":[{"taxonomy":"category","embeddable":true,"href":"https:\/\/www.kfi.se\/wp-index.php\/wp-json\/wp\/v2\/categories?post=4614"},{"taxonomy":"post_tag","embeddable":true,"href":"https:\/\/www.kfi.se\/wp-index.php\/wp-json\/wp\/v2\/tags?post=4614"}],"curies":[{"name":"wp","href":"https:\/\/api.w.org\/{rel}","templated":true}]}}