{"id":4670,"date":"2022-09-08T12:55:55","date_gmt":"2022-09-08T10:55:55","guid":{"rendered":"https:\/\/www.kfi.se\/wp-index.php\/?p=4670"},"modified":"2022-09-09T12:42:43","modified_gmt":"2022-09-09T10:42:43","slug":"seminarium-svenska-kommuners-arbete-mot-extremism","status":"publish","type":"post","link":"https:\/\/www.kfi.se\/wp-index.php\/2022\/09\/08\/seminarium-svenska-kommuners-arbete-mot-extremism\/","title":{"rendered":"Seminarium: Svenska kommuners arbete mot extremism"},"content":{"rendered":"<p><strong>Seminarium: Fasad, nytta eller k\u00e4lla till konflikt? Svenska kommuners arbete mot extremism <\/strong><\/p>\n<p>Under seminariet kommer Robin Andersson Malmros att f\u00f6rklara hur f\u00f6rebyggande av extremism gick fr\u00e5n att vara en fr\u00e5ga f\u00f6r s\u00e4kerhets- och underr\u00e4ttelsetj\u00e4nster, till att breddas och innefatta insatser p\u00e5 kommunal niv\u00e5. Vidare analyserar och problematiserar Robin de insatser som gjorts av kommuner, och l\u00e4mnar ett antal f\u00f6rslag p\u00e5 hur det lokala arbetet mot extremism kan f\u00f6rb\u00e4ttras. Slutligen diskuteras vad vi kan l\u00e4ra av fallet med svenska kommuners arbete mot extremism, med s\u00e4rskild tonvikt p\u00e5 l\u00e4rdomar som kan st\u00f6tta kommuner i deras arbete mot andra globala utmaningar.<\/p>\n<p><strong>Medverkande<\/strong><br \/>\nRobin Andersson Malmros, fil dr, F\u00f6rvaltningsh\u00f6gskolan, G\u00f6teborgs universitet<br \/>\nBitr\u00e4dande f\u00f6rest\u00e5ndare, Segerstedtinstitutet<\/p>\n<p><strong>Seminariet \u00e4ger rum p\u00e5 KFi den 21 oktober 2022, kl 13.00-15.00.<\/strong><\/p>\n<p><strong>N\u00e4r?<\/strong> 21 oktober kl. 13:00-15:00. Anm\u00e4l dig senast <strong>14 oktober<\/strong><br \/>\n<strong>Var?<\/strong> Sal A252, Viktoriagatan 13, G\u00f6teborgs universitet<br \/>\n<strong>Hur?<\/strong> Anm\u00e4l dig via KFis hemsida<br \/>\n<strong>Pris?<\/strong> Seminariet \u00e4r kostnadsfritt<\/p>\n<p><a href=\"https:\/\/www.kfi.se\/wp-content\/uploads\/2022\/09\/Inbjudan-21-oktober.pdf\" target=\"_blank\" rel=\"noopener\">L\u00e4s mer om seminariet h\u00e4r (PDF)<\/a><\/p>\n<p>&nbsp;<\/p>\n","protected":false},"excerpt":{"rendered":"<p>Seminarium: Fasad, nytta eller k\u00e4lla till konflikt? Svenska kommuners arbete mot extremism Under seminariet kommer Robin Andersson Malmros att f\u00f6rklara hur f\u00f6rebyggande av extremism gick fr\u00e5n att vara en fr\u00e5ga f\u00f6r s\u00e4kerhets- och underr\u00e4ttelsetj\u00e4nster, till att breddas och innefatta insatser p\u00e5 kommunal niv\u00e5. Vidare analyserar och problematiserar Robin de insatser som gjorts av kommuner, och &hellip; <a href=\"https:\/\/www.kfi.se\/wp-index.php\/2022\/09\/08\/seminarium-svenska-kommuners-arbete-mot-extremism\/\" class=\"more-link\">Forts\u00e4tt l\u00e4sa <span class=\"screen-reader-text\">Seminarium: Svenska kommuners arbete mot extremism<\/span><\/a><\/p>\n","protected":false},"author":3,"featured_media":0,"comment_status":"closed","ping_status":"closed","sticky":false,"template":"","format":"standard","meta":{"footnotes":""},"categories":[1],"tags":[],"class_list":["post-4670","post","type-post","status-publish","format-standard","hentry","category-okategoriserade"],"_links":{"self":[{"href":"https:\/\/www.kfi.se\/wp-index.php\/wp-json\/wp\/v2\/posts\/4670"}],"collection":[{"href":"https:\/\/www.kfi.se\/wp-index.php\/wp-json\/wp\/v2\/posts"}],"about":[{"href":"https:\/\/www.kfi.se\/wp-index.php\/wp-json\/wp\/v2\/types\/post"}],"author":[{"embeddable":true,"href":"https:\/\/www.kfi.se\/wp-index.php\/wp-json\/wp\/v2\/users\/3"}],"replies":[{"embeddable":true,"href":"https:\/\/www.kfi.se\/wp-index.php\/wp-json\/wp\/v2\/comments?post=4670"}],"version-history":[{"count":4,"href":"https:\/\/www.kfi.se\/wp-index.php\/wp-json\/wp\/v2\/posts\/4670\/revisions"}],"predecessor-version":[{"id":4779,"href":"https:\/\/www.kfi.se\/wp-index.php\/wp-json\/wp\/v2\/posts\/4670\/revisions\/4779"}],"wp:attachment":[{"href":"https:\/\/www.kfi.se\/wp-index.php\/wp-json\/wp\/v2\/media?parent=4670"}],"wp:term":[{"taxonomy":"category","embeddable":true,"href":"https:\/\/www.kfi.se\/wp-index.php\/wp-json\/wp\/v2\/categories?post=4670"},{"taxonomy":"post_tag","embeddable":true,"href":"https:\/\/www.kfi.se\/wp-index.php\/wp-json\/wp\/v2\/tags?post=4670"}],"curies":[{"name":"wp","href":"https:\/\/api.w.org\/{rel}","templated":true}]}}