{"id":4739,"date":"2022-09-04T22:34:53","date_gmt":"2022-09-04T20:34:53","guid":{"rendered":"https:\/\/www.kfi.se\/wp-index.php\/?p=4739"},"modified":"2022-09-04T22:34:53","modified_gmt":"2022-09-04T20:34:53","slug":"entreprenorer-i-offentlig-forvaltning-en-elefant-i-en-porslinsaffar","status":"publish","type":"post","link":"https:\/\/www.kfi.se\/wp-index.php\/2022\/09\/04\/entreprenorer-i-offentlig-forvaltning-en-elefant-i-en-porslinsaffar\/","title":{"rendered":"Entrepren\u00f6rer i offentlig f\u00f6rvaltning \u2013 en elefant i en porslinsaff\u00e4r"},"content":{"rendered":"<p><strong>Seminarium: Entrepren\u00f6rer i offentlig f\u00f6rvaltning \u2013 en elefant i en porslinsaff\u00e4r<\/strong><\/p>\n<p>Entrepren\u00f6rskap har blivit alltmer etablerat i kommunal f\u00f6rvaltning. Inom flera omr\u00e5den \u00e4r kommunala tj\u00e4nstepersoner kreativa, de v\u00e4cker nya initiativ och mobiliserar f\u00f6r att f\u00f6rverkliga sina id\u00e9er \u2013 med andra ord agerar de entrepren\u00f6riellt. Entrepren\u00f6rskap i f\u00f6rvaltningen ses ofta som l\u00f6sningen p\u00e5 sv\u00e5rkn\u00e4ckta lokala samh\u00e4llsutmaningar. Samtidigt medf\u00f6r det entrepren\u00f6riella f\u00f6rvaltningsidealet nya utmaningar. Under seminariet diskuteras fr\u00e5gor som:<\/p>\n<ul>\n<li>Vad h\u00e4nder egentligen n\u00e4r \u201dentrepren\u00f6rer\u201d b\u00f6rjar befolka f\u00f6rvaltningarna och st\u00f6ta sig med invanda byr\u00e5kratiska strukturer?<\/li>\n<li>Kan entrepren\u00f6rskap och byr\u00e5krati samsas under ett och samma kommunhustak?<\/li>\n<li>Kan entrepren\u00f6rskapet rent av vara ett styrnings- och demokratiproblem?<\/li>\n<\/ul>\n<p>&nbsp;<\/p>\n<p><strong>Medverkande<br \/>\n<\/strong>Albin Algotson, fil dr, Centrum f\u00f6r kommunstrategiska studier, Link\u00f6pings universitet<\/p>\n<p>&nbsp;<\/p>\n<p><strong>N\u00e4r? <\/strong>4 oktober kl 13.00-15.00. <strong>Anm\u00e4l dig senast den 30 september<\/strong><\/p>\n<p><strong>Var? <\/strong>Seminariet h\u00e5lls via Zoom, l\u00e4nk skickas per mail den 3 oktober<\/p>\n<p><strong>Hur?<\/strong> Anm\u00e4l dig h\u00e4r eller via KFis hemsida <a href=\"https:\/\/eur02.safelinks.protection.outlook.com\/?url=http%3A%2F%2Fwww.fi.se%2F&amp;data=05%7C01%7Cjohan.berlin%40hv.se%7C95ecfbbdb3ab4b9a1a2c08da8cc2cbb3%7Cbdbf82950fca48548b4b8f57a8ba2815%7C0%7C0%7C637977066049645971%7CUnknown%7CTWFpbGZsb3d8eyJWIjoiMC4wLjAwMDAiLCJQIjoiV2luMzIiLCJBTiI6Ik1haWwiLCJXVCI6Mn0%3D%7C2000%7C%7C%7C&amp;sdata=MAeIYB%2B9qD5NJNQpmHItVWVZ%2BdDlbcQ5R2oTd6iSBbw%3D&amp;reserved=0\">www.fi.se<\/a><\/p>\n<p><strong>Pris? <\/strong>Seminariet \u00e4r kostnadsfritt<\/p>\n<p><strong>\u00a0<\/strong><\/p>\n<p><a href=\"https:\/\/www.kfi.se\/wp-content\/uploads\/2022\/09\/Seminarium-Entreprenorer-i-offentlig-forvaltning.pdf\" target=\"_blank\" rel=\"noopener\">L\u00e4s mer om seminariet h\u00e4r (PDF)<\/a><\/p>\n<p>&nbsp;<\/p>\n<p>&nbsp;<\/p>\n","protected":false},"excerpt":{"rendered":"<p>Seminarium: Entrepren\u00f6rer i offentlig f\u00f6rvaltning \u2013 en elefant i en porslinsaff\u00e4r Entrepren\u00f6rskap har blivit alltmer etablerat i kommunal f\u00f6rvaltning. Inom flera omr\u00e5den \u00e4r kommunala tj\u00e4nstepersoner kreativa, de v\u00e4cker nya initiativ och mobiliserar f\u00f6r att f\u00f6rverkliga sina id\u00e9er \u2013 med andra ord agerar de entrepren\u00f6riellt. Entrepren\u00f6rskap i f\u00f6rvaltningen ses ofta som l\u00f6sningen p\u00e5 sv\u00e5rkn\u00e4ckta lokala samh\u00e4llsutmaningar. &hellip; <a href=\"https:\/\/www.kfi.se\/wp-index.php\/2022\/09\/04\/entreprenorer-i-offentlig-forvaltning-en-elefant-i-en-porslinsaffar\/\" class=\"more-link\">Forts\u00e4tt l\u00e4sa <span class=\"screen-reader-text\">Entrepren\u00f6rer i offentlig f\u00f6rvaltning \u2013 en elefant i en porslinsaff\u00e4r<\/span><\/a><\/p>\n","protected":false},"author":3,"featured_media":0,"comment_status":"closed","ping_status":"closed","sticky":false,"template":"","format":"standard","meta":{"footnotes":""},"categories":[1],"tags":[],"class_list":["post-4739","post","type-post","status-publish","format-standard","hentry","category-okategoriserade"],"_links":{"self":[{"href":"https:\/\/www.kfi.se\/wp-index.php\/wp-json\/wp\/v2\/posts\/4739"}],"collection":[{"href":"https:\/\/www.kfi.se\/wp-index.php\/wp-json\/wp\/v2\/posts"}],"about":[{"href":"https:\/\/www.kfi.se\/wp-index.php\/wp-json\/wp\/v2\/types\/post"}],"author":[{"embeddable":true,"href":"https:\/\/www.kfi.se\/wp-index.php\/wp-json\/wp\/v2\/users\/3"}],"replies":[{"embeddable":true,"href":"https:\/\/www.kfi.se\/wp-index.php\/wp-json\/wp\/v2\/comments?post=4739"}],"version-history":[{"count":1,"href":"https:\/\/www.kfi.se\/wp-index.php\/wp-json\/wp\/v2\/posts\/4739\/revisions"}],"predecessor-version":[{"id":4741,"href":"https:\/\/www.kfi.se\/wp-index.php\/wp-json\/wp\/v2\/posts\/4739\/revisions\/4741"}],"wp:attachment":[{"href":"https:\/\/www.kfi.se\/wp-index.php\/wp-json\/wp\/v2\/media?parent=4739"}],"wp:term":[{"taxonomy":"category","embeddable":true,"href":"https:\/\/www.kfi.se\/wp-index.php\/wp-json\/wp\/v2\/categories?post=4739"},{"taxonomy":"post_tag","embeddable":true,"href":"https:\/\/www.kfi.se\/wp-index.php\/wp-json\/wp\/v2\/tags?post=4739"}],"curies":[{"name":"wp","href":"https:\/\/api.w.org\/{rel}","templated":true}]}}