{"id":4743,"date":"2022-09-05T10:03:32","date_gmt":"2022-09-05T08:03:32","guid":{"rendered":"https:\/\/www.kfi.se\/wp-index.php\/?p=4743"},"modified":"2022-09-05T10:06:18","modified_gmt":"2022-09-05T08:06:18","slug":"kfi-dagen-2022","status":"publish","type":"post","link":"https:\/\/www.kfi.se\/wp-index.php\/2022\/09\/05\/kfi-dagen-2022\/","title":{"rendered":"KFi-dagen 2022"},"content":{"rendered":"<p><strong>V\u00e4lkommen till KFi-dagen 2022!<\/strong><\/p>\n<p>Vi forts\u00e4tter i \u00e5r traditionen med att f\u00f6lja den aktuella utvecklingen g\u00e4llande ledarskap, organisation och ekonomi i den kommunala sektorn. Ett tema som behandlas p\u00e5 \u00e5rets KFi-dag \u00e4r digitalisering, b\u00e5de inom skolan och vilka effekter det f\u00e5r p\u00e5 arbetsmilj\u00f6n inom kommun- och regionsektorn i stort. Vi belyser ocks\u00e5 styrning ur olika perspektiv. Likas\u00e5 ges reflektioner kring tillitsbaserad styrning och styrningsdilemman av kommunal samverkan.<\/p>\n<p><strong>Centrala teman i \u00e5r \u00e4r:<\/strong><\/p>\n<ul>\n<li><strong>Digitalisering<\/strong><\/li>\n<li><strong>Tillit och styrning<\/strong><\/li>\n<li><strong>Samarbete f\u00f6r gemensam drift<\/strong><\/li>\n<li><strong>Valet i Sverige och USA<\/strong><\/li>\n<\/ul>\n<p><strong><em>KFi-dagen \u00e4ger rum den 24\/11 p\u00e5 Gothia Towers\u00a0<\/em><\/strong><\/p>\n<p><a href=\"https:\/\/www.kfi.se\/wp-content\/uploads\/2022\/09\/KFi-dagen-2022.pdf\" target=\"_blank\" rel=\"noopener\">Inbjudan till KFi-dagen (PDF)\u00a0<\/a><\/p>\n<p>&nbsp;<\/p>\n<p>Varmt v\u00e4lkommen !<\/p>\n<p>&nbsp;<\/p>\n<p>&nbsp;<\/p>\n","protected":false},"excerpt":{"rendered":"<p>V\u00e4lkommen till KFi-dagen 2022! Vi forts\u00e4tter i \u00e5r traditionen med att f\u00f6lja den aktuella utvecklingen g\u00e4llande ledarskap, organisation och ekonomi i den kommunala sektorn. Ett tema som behandlas p\u00e5 \u00e5rets KFi-dag \u00e4r digitalisering, b\u00e5de inom skolan och vilka effekter det f\u00e5r p\u00e5 arbetsmilj\u00f6n inom kommun- och regionsektorn i stort. Vi belyser ocks\u00e5 styrning ur olika &hellip; <a href=\"https:\/\/www.kfi.se\/wp-index.php\/2022\/09\/05\/kfi-dagen-2022\/\" class=\"more-link\">Forts\u00e4tt l\u00e4sa <span class=\"screen-reader-text\">KFi-dagen 2022<\/span><\/a><\/p>\n","protected":false},"author":3,"featured_media":0,"comment_status":"closed","ping_status":"closed","sticky":false,"template":"","format":"standard","meta":{"footnotes":""},"categories":[1],"tags":[],"class_list":["post-4743","post","type-post","status-publish","format-standard","hentry","category-okategoriserade"],"_links":{"self":[{"href":"https:\/\/www.kfi.se\/wp-index.php\/wp-json\/wp\/v2\/posts\/4743"}],"collection":[{"href":"https:\/\/www.kfi.se\/wp-index.php\/wp-json\/wp\/v2\/posts"}],"about":[{"href":"https:\/\/www.kfi.se\/wp-index.php\/wp-json\/wp\/v2\/types\/post"}],"author":[{"embeddable":true,"href":"https:\/\/www.kfi.se\/wp-index.php\/wp-json\/wp\/v2\/users\/3"}],"replies":[{"embeddable":true,"href":"https:\/\/www.kfi.se\/wp-index.php\/wp-json\/wp\/v2\/comments?post=4743"}],"version-history":[{"count":2,"href":"https:\/\/www.kfi.se\/wp-index.php\/wp-json\/wp\/v2\/posts\/4743\/revisions"}],"predecessor-version":[{"id":4747,"href":"https:\/\/www.kfi.se\/wp-index.php\/wp-json\/wp\/v2\/posts\/4743\/revisions\/4747"}],"wp:attachment":[{"href":"https:\/\/www.kfi.se\/wp-index.php\/wp-json\/wp\/v2\/media?parent=4743"}],"wp:term":[{"taxonomy":"category","embeddable":true,"href":"https:\/\/www.kfi.se\/wp-index.php\/wp-json\/wp\/v2\/categories?post=4743"},{"taxonomy":"post_tag","embeddable":true,"href":"https:\/\/www.kfi.se\/wp-index.php\/wp-json\/wp\/v2\/tags?post=4743"}],"curies":[{"name":"wp","href":"https:\/\/api.w.org\/{rel}","templated":true}]}}