{"id":4852,"date":"2022-10-07T15:04:23","date_gmt":"2022-10-07T13:04:23","guid":{"rendered":"https:\/\/www.kfi.se\/wp-index.php\/?p=4852"},"modified":"2022-10-07T15:04:23","modified_gmt":"2022-10-07T13:04:23","slug":"alle-man-pa-dack-om-kungalvs-kommuns-hantering-av-pandemin","status":"publish","type":"post","link":"https:\/\/www.kfi.se\/wp-index.php\/2022\/10\/07\/alle-man-pa-dack-om-kungalvs-kommuns-hantering-av-pandemin\/","title":{"rendered":"\u201dAlle man p\u00e5 d\u00e4ck\u201d  &#8211; Om Kung\u00e4lvs kommuns hantering av pandemin"},"content":{"rendered":"<p><strong>\u201dAlle man p\u00e5 d\u00e4ck\u201d<\/strong><\/p>\n<p><strong>&#8211; Om Kung\u00e4lvs kommuns hantering av pandemin<\/strong><\/p>\n<p><strong>Av:<\/strong> Pierre Donatella, Gustaf Kastberg Weichselberger, Mikael L\u00f6fstr\u00f6m och Viveka Nilsson<\/p>\n<p>I rapporten beskrivs Kung\u00e4lvs kommuns hantering av Coronapandemin. Den sammanfattande bed\u00f6mningen \u00e4r att kommunen har hanterat pandemin v\u00e4l. Kommunen har handskats med de situationer som uppst\u00e5tt under hela pandemin. Man har utvecklat ett fungerande krisledningsarbete och anpassat sina \u00e5tg\u00e4rder och insatser efter b\u00e4sta f\u00f6rm\u00e5ga. Den fr\u00e4msta styrkan verkar ha varit f\u00f6rm\u00e5gan att hitta en balans mellan den centrala styrningen av krisledningsarbetet och samtidigt ge utrymme f\u00f6r ett decentraliserat ansvar i verksamheterna.<\/p>\n<p><a href=\"https:\/\/www.kfi.se\/wp-content\/uploads\/2022\/10\/U-rapport-112.pdf\" target=\"_blank\" rel=\"noopener\">L\u00e4s rapporten h\u00e4r<\/a><\/p>\n<p>&nbsp;<\/p>\n<p>&nbsp;<\/p>\n","protected":false},"excerpt":{"rendered":"<p>\u201dAlle man p\u00e5 d\u00e4ck\u201d &#8211; Om Kung\u00e4lvs kommuns hantering av pandemin Av: Pierre Donatella, Gustaf Kastberg Weichselberger, Mikael L\u00f6fstr\u00f6m och Viveka Nilsson I rapporten beskrivs Kung\u00e4lvs kommuns hantering av Coronapandemin. Den sammanfattande bed\u00f6mningen \u00e4r att kommunen har hanterat pandemin v\u00e4l. Kommunen har handskats med de situationer som uppst\u00e5tt under hela pandemin. Man har utvecklat ett &hellip; <a href=\"https:\/\/www.kfi.se\/wp-index.php\/2022\/10\/07\/alle-man-pa-dack-om-kungalvs-kommuns-hantering-av-pandemin\/\" class=\"more-link\">Forts\u00e4tt l\u00e4sa <span class=\"screen-reader-text\">\u201dAlle man p\u00e5 d\u00e4ck\u201d  &#8211; Om Kung\u00e4lvs kommuns hantering av pandemin<\/span><\/a><\/p>\n","protected":false},"author":3,"featured_media":0,"comment_status":"closed","ping_status":"closed","sticky":false,"template":"","format":"standard","meta":{"footnotes":""},"categories":[1],"tags":[],"class_list":["post-4852","post","type-post","status-publish","format-standard","hentry","category-okategoriserade"],"_links":{"self":[{"href":"https:\/\/www.kfi.se\/wp-index.php\/wp-json\/wp\/v2\/posts\/4852"}],"collection":[{"href":"https:\/\/www.kfi.se\/wp-index.php\/wp-json\/wp\/v2\/posts"}],"about":[{"href":"https:\/\/www.kfi.se\/wp-index.php\/wp-json\/wp\/v2\/types\/post"}],"author":[{"embeddable":true,"href":"https:\/\/www.kfi.se\/wp-index.php\/wp-json\/wp\/v2\/users\/3"}],"replies":[{"embeddable":true,"href":"https:\/\/www.kfi.se\/wp-index.php\/wp-json\/wp\/v2\/comments?post=4852"}],"version-history":[{"count":1,"href":"https:\/\/www.kfi.se\/wp-index.php\/wp-json\/wp\/v2\/posts\/4852\/revisions"}],"predecessor-version":[{"id":4854,"href":"https:\/\/www.kfi.se\/wp-index.php\/wp-json\/wp\/v2\/posts\/4852\/revisions\/4854"}],"wp:attachment":[{"href":"https:\/\/www.kfi.se\/wp-index.php\/wp-json\/wp\/v2\/media?parent=4852"}],"wp:term":[{"taxonomy":"category","embeddable":true,"href":"https:\/\/www.kfi.se\/wp-index.php\/wp-json\/wp\/v2\/categories?post=4852"},{"taxonomy":"post_tag","embeddable":true,"href":"https:\/\/www.kfi.se\/wp-index.php\/wp-json\/wp\/v2\/tags?post=4852"}],"curies":[{"name":"wp","href":"https:\/\/api.w.org\/{rel}","templated":true}]}}