{"id":4916,"date":"2022-11-10T16:47:55","date_gmt":"2022-11-10T15:47:55","guid":{"rendered":"https:\/\/www.kfi.se\/wp-index.php\/?p=4916"},"modified":"2022-11-10T16:51:46","modified_gmt":"2022-11-10T15:51:46","slug":"om-att-leverera-uthallighet-lerums-kommuns-arbete-med-pandemin","status":"publish","type":"post","link":"https:\/\/www.kfi.se\/wp-index.php\/2022\/11\/10\/om-att-leverera-uthallighet-lerums-kommuns-arbete-med-pandemin\/","title":{"rendered":"Om att leverera uth\u00e5llighet \u2013 Lerums kommuns arbete med pandemin"},"content":{"rendered":"<p>U-rapport 113<\/p>\n<p><strong>Om att leverera uth\u00e5llighet \u2013 Lerums kommuns arbete med pandemin<\/strong><\/p>\n<p><strong>Av:<\/strong> Sanna Eklund, Christian Jensen och Bengt Johansson<\/p>\n<p>&nbsp;<\/p>\n<p>I rapporten fokuseras hur Lerums kommun har hanterat Coronapandemin. Det mer specifika syftet \u00e4r att beskriva och analysera denna hantering ur ett lednings- och organiseringsperspektiv. Ambitionen \u00e4r att skapa ett underlag f\u00f6r l\u00e4rande: b\u00e5de inf\u00f6r framtida kriser och inf\u00f6r en vardag utan pandemi. Den \u00f6vergripande bed\u00f6mningen \u00e4r att Lerums kommun har hanterat pandemin p\u00e5 ett bra och \u00e4ndam\u00e5lsenligt s\u00e4tt givet de f\u00f6ruts\u00e4ttningar som funnits. H\u00e4r liksom i andra kommuner har h\u00e4ndelsef\u00f6rloppet varit komplext och l\u00e5ngdraget. I rapporten talas om ett h\u00e4ndelsestyrt f\u00f6rlopp, d\u00e4r koordinering b\u00e5de internt i kommunen och i f\u00f6rh\u00e5llande till externa parter varit av stor betydelse f\u00f6r vidtagna \u00e5tg\u00e4rder. \u00c4ven om vissa beslut i krisledningsarbetet tagits av politiken har hanteringen av pandemin i allt v\u00e4sentligt varit en fr\u00e5ga f\u00f6r f\u00f6rvaltningen, med god f\u00f6rankring hos den centrala politiken.<\/p>\n<p>&nbsp;<\/p>\n<p><a href=\"https:\/\/www.kfi.se\/wp-content\/uploads\/2022\/11\/U-rapport-113.pdf\" target=\"_blank\" rel=\"noopener\">L\u00e4s rapporten h\u00e4r (PDF)<\/a><\/p>\n<p>&nbsp;<\/p>\n<p>&nbsp;<\/p>\n","protected":false},"excerpt":{"rendered":"<p>U-rapport 113 Om att leverera uth\u00e5llighet \u2013 Lerums kommuns arbete med pandemin Av: Sanna Eklund, Christian Jensen och Bengt Johansson &nbsp; I rapporten fokuseras hur Lerums kommun har hanterat Coronapandemin. Det mer specifika syftet \u00e4r att beskriva och analysera denna hantering ur ett lednings- och organiseringsperspektiv. Ambitionen \u00e4r att skapa ett underlag f\u00f6r l\u00e4rande: b\u00e5de &hellip; <a href=\"https:\/\/www.kfi.se\/wp-index.php\/2022\/11\/10\/om-att-leverera-uthallighet-lerums-kommuns-arbete-med-pandemin\/\" class=\"more-link\">Forts\u00e4tt l\u00e4sa <span class=\"screen-reader-text\">Om att leverera uth\u00e5llighet \u2013 Lerums kommuns arbete med pandemin<\/span><\/a><\/p>\n","protected":false},"author":3,"featured_media":0,"comment_status":"closed","ping_status":"closed","sticky":false,"template":"","format":"standard","meta":{"footnotes":""},"categories":[1],"tags":[],"class_list":["post-4916","post","type-post","status-publish","format-standard","hentry","category-okategoriserade"],"_links":{"self":[{"href":"https:\/\/www.kfi.se\/wp-index.php\/wp-json\/wp\/v2\/posts\/4916"}],"collection":[{"href":"https:\/\/www.kfi.se\/wp-index.php\/wp-json\/wp\/v2\/posts"}],"about":[{"href":"https:\/\/www.kfi.se\/wp-index.php\/wp-json\/wp\/v2\/types\/post"}],"author":[{"embeddable":true,"href":"https:\/\/www.kfi.se\/wp-index.php\/wp-json\/wp\/v2\/users\/3"}],"replies":[{"embeddable":true,"href":"https:\/\/www.kfi.se\/wp-index.php\/wp-json\/wp\/v2\/comments?post=4916"}],"version-history":[{"count":2,"href":"https:\/\/www.kfi.se\/wp-index.php\/wp-json\/wp\/v2\/posts\/4916\/revisions"}],"predecessor-version":[{"id":4920,"href":"https:\/\/www.kfi.se\/wp-index.php\/wp-json\/wp\/v2\/posts\/4916\/revisions\/4920"}],"wp:attachment":[{"href":"https:\/\/www.kfi.se\/wp-index.php\/wp-json\/wp\/v2\/media?parent=4916"}],"wp:term":[{"taxonomy":"category","embeddable":true,"href":"https:\/\/www.kfi.se\/wp-index.php\/wp-json\/wp\/v2\/categories?post=4916"},{"taxonomy":"post_tag","embeddable":true,"href":"https:\/\/www.kfi.se\/wp-index.php\/wp-json\/wp\/v2\/tags?post=4916"}],"curies":[{"name":"wp","href":"https:\/\/api.w.org\/{rel}","templated":true}]}}