{"id":5061,"date":"2023-01-27T10:28:46","date_gmt":"2023-01-27T09:28:46","guid":{"rendered":"https:\/\/www.kfi.se\/wp-index.php\/?p=5061"},"modified":"2023-01-27T10:28:46","modified_gmt":"2023-01-27T09:28:46","slug":"debatt-sluta-anvanda-begreppet-tillitsbaserad-styrning-och-ledning","status":"publish","type":"post","link":"https:\/\/www.kfi.se\/wp-index.php\/2023\/01\/27\/debatt-sluta-anvanda-begreppet-tillitsbaserad-styrning-och-ledning\/","title":{"rendered":"Debatt: Sluta anv\u00e4nda begreppet tillitsbaserad styrning och ledning"},"content":{"rendered":"<h1 class=\"css-1qnq62z e1j4h7q20\">\u201dSluta anv\u00e4nda begreppet<br \/>\ntillitsbaserad styrning och ledning\u201d<\/h1>\n<p class=\"css-ds08uq ez3c04h0\">Det \u00e4r dags att rikta uppm\u00e4rksamheten mot de konkreta f\u00f6r\u00e4ndringsprojekt som<br \/>\np\u00e5g\u00e5r i kommuner och regioner, anser Sven Siverbo, professor i redovisning och styrning.<\/p>\n<p>&nbsp;<\/p>\n<p><a href=\"https:\/\/www.dagenssamhalle.se\/opinion\/debatt\/sluta-anvanda-begreppet-tillitsbaserad-styrning-och-ledning\/\" target=\"_blank\" rel=\"noopener\">L\u00e4s debattartikeln i Dagens samh\u00e4lle (F\u00f6lj denna l\u00e4nk)<\/a><\/p>\n","protected":false},"excerpt":{"rendered":"<p>\u201dSluta anv\u00e4nda begreppet tillitsbaserad styrning och ledning\u201d Det \u00e4r dags att rikta uppm\u00e4rksamheten mot de konkreta f\u00f6r\u00e4ndringsprojekt som p\u00e5g\u00e5r i kommuner och regioner, anser Sven Siverbo, professor i redovisning och styrning. &nbsp; L\u00e4s debattartikeln i Dagens samh\u00e4lle (F\u00f6lj denna l\u00e4nk)<\/p>\n","protected":false},"author":3,"featured_media":0,"comment_status":"closed","ping_status":"closed","sticky":false,"template":"","format":"standard","meta":{"footnotes":""},"categories":[1],"tags":[],"class_list":["post-5061","post","type-post","status-publish","format-standard","hentry","category-okategoriserade"],"_links":{"self":[{"href":"https:\/\/www.kfi.se\/wp-index.php\/wp-json\/wp\/v2\/posts\/5061"}],"collection":[{"href":"https:\/\/www.kfi.se\/wp-index.php\/wp-json\/wp\/v2\/posts"}],"about":[{"href":"https:\/\/www.kfi.se\/wp-index.php\/wp-json\/wp\/v2\/types\/post"}],"author":[{"embeddable":true,"href":"https:\/\/www.kfi.se\/wp-index.php\/wp-json\/wp\/v2\/users\/3"}],"replies":[{"embeddable":true,"href":"https:\/\/www.kfi.se\/wp-index.php\/wp-json\/wp\/v2\/comments?post=5061"}],"version-history":[{"count":1,"href":"https:\/\/www.kfi.se\/wp-index.php\/wp-json\/wp\/v2\/posts\/5061\/revisions"}],"predecessor-version":[{"id":5062,"href":"https:\/\/www.kfi.se\/wp-index.php\/wp-json\/wp\/v2\/posts\/5061\/revisions\/5062"}],"wp:attachment":[{"href":"https:\/\/www.kfi.se\/wp-index.php\/wp-json\/wp\/v2\/media?parent=5061"}],"wp:term":[{"taxonomy":"category","embeddable":true,"href":"https:\/\/www.kfi.se\/wp-index.php\/wp-json\/wp\/v2\/categories?post=5061"},{"taxonomy":"post_tag","embeddable":true,"href":"https:\/\/www.kfi.se\/wp-index.php\/wp-json\/wp\/v2\/tags?post=5061"}],"curies":[{"name":"wp","href":"https:\/\/api.w.org\/{rel}","templated":true}]}}