{"id":5123,"date":"2023-03-07T13:36:19","date_gmt":"2023-03-07T12:36:19","guid":{"rendered":"https:\/\/www.kfi.se\/wp-index.php\/?p=5123"},"modified":"2023-03-07T13:36:19","modified_gmt":"2023-03-07T12:36:19","slug":"ny-rapport-sa-motiveras-larare-av-berom","status":"publish","type":"post","link":"https:\/\/www.kfi.se\/wp-index.php\/2023\/03\/07\/ny-rapport-sa-motiveras-larare-av-berom\/","title":{"rendered":"Ny rapport &#8211; S\u00e5 motiveras l\u00e4rare av ber\u00f6m"},"content":{"rendered":"<p>KFi-rapport 184<\/p>\n<p><strong>S\u00e5 motiveras l\u00e4rare av ber\u00f6m<\/strong><\/p>\n<p><strong>Av<\/strong>: Sven Siverbo<\/p>\n<p>Rapporten handlar om hur rektorers ber\u00f6m till l\u00e4rare p\u00e5verkar l\u00e4rares arbetsmotivation. Ett av huvudresultaten fr\u00e5n studien \u00e4r att ber\u00f6m \u00f6kar m\u00e5nga l\u00e4rares upplevda kompetens, under f\u00f6ruts\u00e4ttning att ber\u00f6mmet upplevs som genuint. P\u00e5verkan \u00e4r oftast inte \u00f6verdrivet stor eftersom l\u00e4rare som regel har en gedigen utbildning som g\u00f6r att de redan k\u00e4nner sig kompetenta, men f\u00f6r l\u00e4rare som \u00e4r oerfarna, ofta byter arbetsuppgifter eller av andra sk\u00e4l tvivlar p\u00e5 sin kompetens \u00e4r betydelsen st\u00f6rre. Ber\u00f6m \u00e4r i allm\u00e4nhet inte f\u00f6rv\u00e4ntat, har ingen framst\u00e5ende betydelse och finns s\u00e4llan med i l\u00e4rarnas tankar n\u00e4r de utf\u00f6r sina arbetsuppgifter s\u00e5 p\u00e5 det hela taget utg\u00f6r m\u00f6jligheten att f\u00e5 ber\u00f6m ingen st\u00f6rre drivkraft f\u00f6r l\u00e4rare.<\/p>\n<p><a href=\"https:\/\/www.kfi.se\/wp-content\/uploads\/2023\/03\/KFi-rapport-184.pdf\" target=\"_blank\" rel=\"noopener\">L\u00e4s rapporten h\u00e4r<\/a><\/p>\n","protected":false},"excerpt":{"rendered":"<p>KFi-rapport 184 S\u00e5 motiveras l\u00e4rare av ber\u00f6m Av: Sven Siverbo Rapporten handlar om hur rektorers ber\u00f6m till l\u00e4rare p\u00e5verkar l\u00e4rares arbetsmotivation. Ett av huvudresultaten fr\u00e5n studien \u00e4r att ber\u00f6m \u00f6kar m\u00e5nga l\u00e4rares upplevda kompetens, under f\u00f6ruts\u00e4ttning att ber\u00f6mmet upplevs som genuint. P\u00e5verkan \u00e4r oftast inte \u00f6verdrivet stor eftersom l\u00e4rare som regel har en gedigen utbildning &hellip; <a href=\"https:\/\/www.kfi.se\/wp-index.php\/2023\/03\/07\/ny-rapport-sa-motiveras-larare-av-berom\/\" class=\"more-link\">Forts\u00e4tt l\u00e4sa <span class=\"screen-reader-text\">Ny rapport &#8211; S\u00e5 motiveras l\u00e4rare av ber\u00f6m<\/span><\/a><\/p>\n","protected":false},"author":3,"featured_media":0,"comment_status":"closed","ping_status":"closed","sticky":false,"template":"","format":"standard","meta":{"footnotes":""},"categories":[1],"tags":[],"class_list":["post-5123","post","type-post","status-publish","format-standard","hentry","category-okategoriserade"],"_links":{"self":[{"href":"https:\/\/www.kfi.se\/wp-index.php\/wp-json\/wp\/v2\/posts\/5123"}],"collection":[{"href":"https:\/\/www.kfi.se\/wp-index.php\/wp-json\/wp\/v2\/posts"}],"about":[{"href":"https:\/\/www.kfi.se\/wp-index.php\/wp-json\/wp\/v2\/types\/post"}],"author":[{"embeddable":true,"href":"https:\/\/www.kfi.se\/wp-index.php\/wp-json\/wp\/v2\/users\/3"}],"replies":[{"embeddable":true,"href":"https:\/\/www.kfi.se\/wp-index.php\/wp-json\/wp\/v2\/comments?post=5123"}],"version-history":[{"count":1,"href":"https:\/\/www.kfi.se\/wp-index.php\/wp-json\/wp\/v2\/posts\/5123\/revisions"}],"predecessor-version":[{"id":5125,"href":"https:\/\/www.kfi.se\/wp-index.php\/wp-json\/wp\/v2\/posts\/5123\/revisions\/5125"}],"wp:attachment":[{"href":"https:\/\/www.kfi.se\/wp-index.php\/wp-json\/wp\/v2\/media?parent=5123"}],"wp:term":[{"taxonomy":"category","embeddable":true,"href":"https:\/\/www.kfi.se\/wp-index.php\/wp-json\/wp\/v2\/categories?post=5123"},{"taxonomy":"post_tag","embeddable":true,"href":"https:\/\/www.kfi.se\/wp-index.php\/wp-json\/wp\/v2\/tags?post=5123"}],"curies":[{"name":"wp","href":"https:\/\/api.w.org\/{rel}","templated":true}]}}