{"id":5172,"date":"2023-04-20T13:19:42","date_gmt":"2023-04-20T11:19:42","guid":{"rendered":"https:\/\/www.kfi.se\/wp-index.php\/?p=5172"},"modified":"2023-04-20T13:19:42","modified_gmt":"2023-04-20T11:19:42","slug":"ny-rapport-styrning-och-samverkan-ett-inlagg-om-vertikala-relationer-inom-samhallsorganisationen","status":"publish","type":"post","link":"https:\/\/www.kfi.se\/wp-index.php\/2023\/04\/20\/ny-rapport-styrning-och-samverkan-ett-inlagg-om-vertikala-relationer-inom-samhallsorganisationen\/","title":{"rendered":"Ny rapport: Styrning och samverkan &#8211; ett inl\u00e4gg om vertikala relationer inom samh\u00e4llsorganisationen\u00a0"},"content":{"rendered":"<p>U-rapport 116<\/p>\n<p><strong>Styrning och samverkan &#8211; ett inl\u00e4gg om vertikala relationer inom samh\u00e4llsorganisationen\u00a0 <\/strong><\/p>\n<p><strong>Av:<\/strong> Bj\u00f6rn Brorstr\u00f6m<\/p>\n<p>Denna rapport har fokus p\u00e5 relationen mellan statlig och regional\/kommunal niv\u00e5 i hanteringen av konsekvenserna av coronapandemin. I rapporten beskrivs och f\u00f6rklaras varf\u00f6r samh\u00e4llsorganisationen kan anses ha hanterat konsekvenserna av pandemin v\u00e4l. D\u00e4refter problematiseras den vertikala dimensionen d\u00e4r uppenbara brister finns i kommunikation mellan niv\u00e5erna och i f\u00f6rv\u00e4ntningar p\u00e5 varandra. T\u00e4nkbara f\u00f6rklaringar till observerade fenomen och problem redovisas. Rapporten avslutas med en uppmaning till alla inblandade akt\u00f6rer att reda ut oklarheter och hitta fungerande samverkansformer.<\/p>\n<p>&nbsp;<\/p>\n<p><a href=\"https:\/\/www.kfi.se\/wp-content\/uploads\/2023\/04\/U-rapport-116.pdf\" target=\"_blank\" rel=\"noopener\">L\u00e4s rapporten h\u00e4r<\/a><\/p>\n<p>&nbsp;<\/p>\n<p>&nbsp;<\/p>\n","protected":false},"excerpt":{"rendered":"<p>U-rapport 116 Styrning och samverkan &#8211; ett inl\u00e4gg om vertikala relationer inom samh\u00e4llsorganisationen\u00a0 Av: Bj\u00f6rn Brorstr\u00f6m Denna rapport har fokus p\u00e5 relationen mellan statlig och regional\/kommunal niv\u00e5 i hanteringen av konsekvenserna av coronapandemin. I rapporten beskrivs och f\u00f6rklaras varf\u00f6r samh\u00e4llsorganisationen kan anses ha hanterat konsekvenserna av pandemin v\u00e4l. D\u00e4refter problematiseras den vertikala dimensionen d\u00e4r uppenbara &hellip; <a href=\"https:\/\/www.kfi.se\/wp-index.php\/2023\/04\/20\/ny-rapport-styrning-och-samverkan-ett-inlagg-om-vertikala-relationer-inom-samhallsorganisationen\/\" class=\"more-link\">Forts\u00e4tt l\u00e4sa <span class=\"screen-reader-text\">Ny rapport: Styrning och samverkan &#8211; ett inl\u00e4gg om vertikala relationer inom samh\u00e4llsorganisationen\u00a0<\/span><\/a><\/p>\n","protected":false},"author":3,"featured_media":0,"comment_status":"closed","ping_status":"closed","sticky":false,"template":"","format":"standard","meta":{"footnotes":""},"categories":[1],"tags":[],"class_list":["post-5172","post","type-post","status-publish","format-standard","hentry","category-okategoriserade"],"_links":{"self":[{"href":"https:\/\/www.kfi.se\/wp-index.php\/wp-json\/wp\/v2\/posts\/5172"}],"collection":[{"href":"https:\/\/www.kfi.se\/wp-index.php\/wp-json\/wp\/v2\/posts"}],"about":[{"href":"https:\/\/www.kfi.se\/wp-index.php\/wp-json\/wp\/v2\/types\/post"}],"author":[{"embeddable":true,"href":"https:\/\/www.kfi.se\/wp-index.php\/wp-json\/wp\/v2\/users\/3"}],"replies":[{"embeddable":true,"href":"https:\/\/www.kfi.se\/wp-index.php\/wp-json\/wp\/v2\/comments?post=5172"}],"version-history":[{"count":1,"href":"https:\/\/www.kfi.se\/wp-index.php\/wp-json\/wp\/v2\/posts\/5172\/revisions"}],"predecessor-version":[{"id":5174,"href":"https:\/\/www.kfi.se\/wp-index.php\/wp-json\/wp\/v2\/posts\/5172\/revisions\/5174"}],"wp:attachment":[{"href":"https:\/\/www.kfi.se\/wp-index.php\/wp-json\/wp\/v2\/media?parent=5172"}],"wp:term":[{"taxonomy":"category","embeddable":true,"href":"https:\/\/www.kfi.se\/wp-index.php\/wp-json\/wp\/v2\/categories?post=5172"},{"taxonomy":"post_tag","embeddable":true,"href":"https:\/\/www.kfi.se\/wp-index.php\/wp-json\/wp\/v2\/tags?post=5172"}],"curies":[{"name":"wp","href":"https:\/\/api.w.org\/{rel}","templated":true}]}}