{"id":5202,"date":"2023-04-24T11:40:20","date_gmt":"2023-04-24T09:40:20","guid":{"rendered":"https:\/\/www.kfi.se\/wp-index.php\/?p=5202"},"modified":"2023-04-24T11:40:45","modified_gmt":"2023-04-24T09:40:45","slug":"ny-rapport-vad-har-vi-lart-oss","status":"publish","type":"post","link":"https:\/\/www.kfi.se\/wp-index.php\/2023\/04\/24\/ny-rapport-vad-har-vi-lart-oss\/","title":{"rendered":"Ny rapport: Vad har vi l\u00e4rt oss?"},"content":{"rendered":"<p>KFi-rapport 186<\/p>\n<p><strong>Vad har vi l\u00e4rt oss?<br \/>\n&#8211; En sammanfattning av l\u00e4rdomar fr\u00e5n f\u00f6ljeforskningen av vision \u00c4lvstaden 2011-2023<\/strong><\/p>\n<p><strong>Av<\/strong>: Sara Brorstr\u00f6m<\/p>\n<p>I rapporten sammanfattas l\u00e4rdomar som har gjorts under en tolv\u00e5rsperiod d\u00e4r vision \u00c4lvstaden har f\u00f6ljts. Det var ett projekt som syftade till att formulera en vision och strategier f\u00f6r de centrala delarna av G\u00f6teborgs stad, p\u00e5 b\u00e5da sidor av G\u00f6ta \u00c4lv. Att visionsarbetet handlade om b\u00e5da sidor av \u00e4lven var viktigt, det var dags att knyta ihop de centrala delarna av staden med Hisingssidan. I rapporten belyses arbetet med visionen utifr\u00e5n bland annat temana otydlighet, prioritering, \u00f6verstrategiserande samt den individuella niv\u00e5n.<\/p>\n<p><a href=\"https:\/\/www.kfi.se\/wp-index.php\/publikationer\/kfi-rapporter\/\">L\u00e4s rapporten h\u00e4r (PDF)<\/a><\/p>\n<p>&nbsp;<\/p>\n<p>&nbsp;<\/p>\n","protected":false},"excerpt":{"rendered":"<p>KFi-rapport 186 Vad har vi l\u00e4rt oss? &#8211; En sammanfattning av l\u00e4rdomar fr\u00e5n f\u00f6ljeforskningen av vision \u00c4lvstaden 2011-2023 Av: Sara Brorstr\u00f6m I rapporten sammanfattas l\u00e4rdomar som har gjorts under en tolv\u00e5rsperiod d\u00e4r vision \u00c4lvstaden har f\u00f6ljts. Det var ett projekt som syftade till att formulera en vision och strategier f\u00f6r de centrala delarna av G\u00f6teborgs &hellip; <a href=\"https:\/\/www.kfi.se\/wp-index.php\/2023\/04\/24\/ny-rapport-vad-har-vi-lart-oss\/\" class=\"more-link\">Forts\u00e4tt l\u00e4sa <span class=\"screen-reader-text\">Ny rapport: Vad har vi l\u00e4rt oss?<\/span><\/a><\/p>\n","protected":false},"author":3,"featured_media":0,"comment_status":"closed","ping_status":"closed","sticky":false,"template":"","format":"standard","meta":{"footnotes":""},"categories":[1],"tags":[],"class_list":["post-5202","post","type-post","status-publish","format-standard","hentry","category-okategoriserade"],"_links":{"self":[{"href":"https:\/\/www.kfi.se\/wp-index.php\/wp-json\/wp\/v2\/posts\/5202"}],"collection":[{"href":"https:\/\/www.kfi.se\/wp-index.php\/wp-json\/wp\/v2\/posts"}],"about":[{"href":"https:\/\/www.kfi.se\/wp-index.php\/wp-json\/wp\/v2\/types\/post"}],"author":[{"embeddable":true,"href":"https:\/\/www.kfi.se\/wp-index.php\/wp-json\/wp\/v2\/users\/3"}],"replies":[{"embeddable":true,"href":"https:\/\/www.kfi.se\/wp-index.php\/wp-json\/wp\/v2\/comments?post=5202"}],"version-history":[{"count":2,"href":"https:\/\/www.kfi.se\/wp-index.php\/wp-json\/wp\/v2\/posts\/5202\/revisions"}],"predecessor-version":[{"id":5205,"href":"https:\/\/www.kfi.se\/wp-index.php\/wp-json\/wp\/v2\/posts\/5202\/revisions\/5205"}],"wp:attachment":[{"href":"https:\/\/www.kfi.se\/wp-index.php\/wp-json\/wp\/v2\/media?parent=5202"}],"wp:term":[{"taxonomy":"category","embeddable":true,"href":"https:\/\/www.kfi.se\/wp-index.php\/wp-json\/wp\/v2\/categories?post=5202"},{"taxonomy":"post_tag","embeddable":true,"href":"https:\/\/www.kfi.se\/wp-index.php\/wp-json\/wp\/v2\/tags?post=5202"}],"curies":[{"name":"wp","href":"https:\/\/api.w.org\/{rel}","templated":true}]}}