{"id":5241,"date":"2023-06-29T15:59:45","date_gmt":"2023-06-29T13:59:45","guid":{"rendered":"https:\/\/www.kfi.se\/wp-index.php\/?p=5241"},"modified":"2023-06-29T15:59:45","modified_gmt":"2023-06-29T13:59:45","slug":"seminarium-tillitsbaserad-styrning-och-ledning-idag-och-i-framtiden-27-sept","status":"publish","type":"post","link":"https:\/\/www.kfi.se\/wp-index.php\/2023\/06\/29\/seminarium-tillitsbaserad-styrning-och-ledning-idag-och-i-framtiden-27-sept\/","title":{"rendered":"Seminarium: TILLITSBASERAD STYRNING OCH LEDNING IDAG OCH I FRAMTIDEN &#8211; 27 sept"},"content":{"rendered":"<p><strong>Seminarium: TILLITSBASERAD STYRNING OCH LEDNING IDAG OCH I FRAMTIDEN<\/strong><\/p>\n<p><strong>\u2013 VAD KAN KOMMUNER L\u00c4RA AV VARANDRA?<\/strong><\/p>\n<p>&nbsp;<\/p>\n<p>Seminariet inleds med att Sven Siverbo ber\u00e4ttar om forskningsl\u00e4get kring tillitsbaserad styrning och ledning. D\u00e4refter beskriver representanter fr\u00e5n kommunsektorn sitt arbete med att oms\u00e4tta f\u00f6rh\u00e5llningss\u00e4ttet till praktik, med fokus p\u00e5 b\u00e5de nul\u00e4ge och framtid. I en efterf\u00f6ljande diskussion inriktas samtalet mot hur kommuner kan l\u00e4ra av varandra och vad som \u00e4r viktiga framtida forskningsuppgifter.<\/p>\n<p>&nbsp;<\/p>\n<p><strong>Medverkande<\/strong><\/p>\n<p><strong>Sven Siverbo<\/strong>, KFi och professor Karlstads universitet<\/p>\n<p><strong>Karl-Olof Petersson<\/strong>, Kommunchef, Melleruds kommun<\/p>\n<p><strong>Ulrika Granat<\/strong>, HR-chef, Melleruds kommun<\/p>\n<p><strong>Staffan Lindroos<\/strong>, F\u00f6rvaltningschef, barn och utbildning, Uddevalla kommun<\/p>\n<p>&nbsp;<\/p>\n<p><strong>N\u00e4r? <\/strong>27 september 2023 kl 13.00\u201316.00. <strong>Anm\u00e4l dig senast 22 september<\/strong><\/p>\n<p><strong>Var? <\/strong>Tingshuset, Melleruds kommun<\/p>\n<p><strong>Hur? <\/strong>Anm\u00e4l dig <a href=\"https:\/\/www.kfi.se\/wp-index.php\/anmalan-aktivitet\/\" target=\"_blank\" rel=\"noopener\">h\u00e4r<\/a> eller via KFis hemsida <a href=\"http:\/\/www.kfi.se\">www.kfi.se<\/a><\/p>\n<p><strong>Pris? <\/strong>Seminariet \u00e4r kostnadsfritt<\/p>\n<p>&nbsp;<\/p>\n<p><a href=\"https:\/\/www.kfi.se\/wp-content\/uploads\/2023\/06\/Seminarium-Tillitsbaserad-styrning-och-ledning.pdf\" target=\"_blank\" rel=\"noopener\">L\u00e4s mer om seminariet h\u00e4r (PDF)<\/a><\/p>\n<p>&nbsp;<\/p>\n<p>&nbsp;<\/p>\n","protected":false},"excerpt":{"rendered":"<p>Seminarium: TILLITSBASERAD STYRNING OCH LEDNING IDAG OCH I FRAMTIDEN \u2013 VAD KAN KOMMUNER L\u00c4RA AV VARANDRA? &nbsp; Seminariet inleds med att Sven Siverbo ber\u00e4ttar om forskningsl\u00e4get kring tillitsbaserad styrning och ledning. D\u00e4refter beskriver representanter fr\u00e5n kommunsektorn sitt arbete med att oms\u00e4tta f\u00f6rh\u00e5llningss\u00e4ttet till praktik, med fokus p\u00e5 b\u00e5de nul\u00e4ge och framtid. I en efterf\u00f6ljande diskussion &hellip; <a href=\"https:\/\/www.kfi.se\/wp-index.php\/2023\/06\/29\/seminarium-tillitsbaserad-styrning-och-ledning-idag-och-i-framtiden-27-sept\/\" class=\"more-link\">Forts\u00e4tt l\u00e4sa <span class=\"screen-reader-text\">Seminarium: TILLITSBASERAD STYRNING OCH LEDNING IDAG OCH I FRAMTIDEN &#8211; 27 sept<\/span><\/a><\/p>\n","protected":false},"author":3,"featured_media":0,"comment_status":"closed","ping_status":"closed","sticky":false,"template":"","format":"standard","meta":{"footnotes":""},"categories":[1],"tags":[],"class_list":["post-5241","post","type-post","status-publish","format-standard","hentry","category-okategoriserade"],"_links":{"self":[{"href":"https:\/\/www.kfi.se\/wp-index.php\/wp-json\/wp\/v2\/posts\/5241"}],"collection":[{"href":"https:\/\/www.kfi.se\/wp-index.php\/wp-json\/wp\/v2\/posts"}],"about":[{"href":"https:\/\/www.kfi.se\/wp-index.php\/wp-json\/wp\/v2\/types\/post"}],"author":[{"embeddable":true,"href":"https:\/\/www.kfi.se\/wp-index.php\/wp-json\/wp\/v2\/users\/3"}],"replies":[{"embeddable":true,"href":"https:\/\/www.kfi.se\/wp-index.php\/wp-json\/wp\/v2\/comments?post=5241"}],"version-history":[{"count":1,"href":"https:\/\/www.kfi.se\/wp-index.php\/wp-json\/wp\/v2\/posts\/5241\/revisions"}],"predecessor-version":[{"id":5243,"href":"https:\/\/www.kfi.se\/wp-index.php\/wp-json\/wp\/v2\/posts\/5241\/revisions\/5243"}],"wp:attachment":[{"href":"https:\/\/www.kfi.se\/wp-index.php\/wp-json\/wp\/v2\/media?parent=5241"}],"wp:term":[{"taxonomy":"category","embeddable":true,"href":"https:\/\/www.kfi.se\/wp-index.php\/wp-json\/wp\/v2\/categories?post=5241"},{"taxonomy":"post_tag","embeddable":true,"href":"https:\/\/www.kfi.se\/wp-index.php\/wp-json\/wp\/v2\/tags?post=5241"}],"curies":[{"name":"wp","href":"https:\/\/api.w.org\/{rel}","templated":true}]}}