{"id":5292,"date":"2023-09-03T11:10:29","date_gmt":"2023-09-03T09:10:29","guid":{"rendered":"https:\/\/www.kfi.se\/wp-index.php\/?p=5292"},"modified":"2023-09-03T11:15:22","modified_gmt":"2023-09-03T09:15:22","slug":"visioner-och-ideer-om-goteborg-vad-sager-de-och-vilken-nytta-gor-de","status":"publish","type":"post","link":"https:\/\/www.kfi.se\/wp-index.php\/2023\/09\/03\/visioner-och-ideer-om-goteborg-vad-sager-de-och-vilken-nytta-gor-de\/","title":{"rendered":"Visioner och id\u00e9er om G\u00f6teborg \u2013 vad s\u00e4ger de och vilken nytta g\u00f6r de?"},"content":{"rendered":"<p><strong>KFi-rapport 188<\/strong><\/p>\n<p><strong>Visioner och id\u00e9er om G\u00f6teborg \u2013 vad s\u00e4ger de och vilken nytta g\u00f6r de? <\/strong><\/p>\n<p><strong>Av<\/strong>: Sara Brorstr\u00f6m<\/p>\n<p>&nbsp;<\/p>\n<p>Det har varit n\u00e5got av en trend i st\u00e4der och kommuner att anta visioner f\u00f6r framtiden. Under det senaste decenniet har dessa ofta ocks\u00e5 handlat om h\u00e5llbarhet inom de tre dimensionerna, socialt, ekonomiskt och ekologiskt. Beslut om visionerna har fattats p\u00e5 h\u00f6gsta politiska niv\u00e5, d\u00e4r det har, \u00e5tminstone p\u00e5 en abstrakt niv\u00e5, funnits en vilja att enas om vad staden skall vara i framtiden. Detta inneb\u00e4r dock inte s\u00e4llan att det kan finnas mots\u00e4ttningar mellan olika visioner. Det kan ocks\u00e5 vara s\u00e5 att visionerna uttrycks s\u00e5 abstrakt att det uppst\u00e5r mots\u00e4ttningar i tolkningen, och senare genomf\u00f6randet av dem. Samtidigt \u00e4r meningen att en vision skall vara abstrakt och inte hantera allt f\u00f6r mycket detaljer eftersom det inneb\u00e4r att visionen d\u00e5 eventuellt snabbt blir inaktuell. Men vad spelar d\u00e5 visioner f\u00f6r roll? Och varf\u00f6r antas nya visioner n\u00e4r de gamla inte har genomf\u00f6rts? Vilken nytta g\u00f6r visioner f\u00f6r en stad?<\/p>\n<p><a href=\"https:\/\/www.kfi.se\/wp-index.php\/publikationer\/kfi-rapporter\/\">L\u00e4s rapporten h\u00e4r<\/a><\/p>\n<p><strong><em>\u00a0<\/em><\/strong><\/p>\n<p>&nbsp;<\/p>\n<p>&nbsp;<\/p>\n","protected":false},"excerpt":{"rendered":"<p>KFi-rapport 188 Visioner och id\u00e9er om G\u00f6teborg \u2013 vad s\u00e4ger de och vilken nytta g\u00f6r de? Av: Sara Brorstr\u00f6m &nbsp; Det har varit n\u00e5got av en trend i st\u00e4der och kommuner att anta visioner f\u00f6r framtiden. Under det senaste decenniet har dessa ofta ocks\u00e5 handlat om h\u00e5llbarhet inom de tre dimensionerna, socialt, ekonomiskt och ekologiskt. &hellip; <a href=\"https:\/\/www.kfi.se\/wp-index.php\/2023\/09\/03\/visioner-och-ideer-om-goteborg-vad-sager-de-och-vilken-nytta-gor-de\/\" class=\"more-link\">Forts\u00e4tt l\u00e4sa <span class=\"screen-reader-text\">Visioner och id\u00e9er om G\u00f6teborg \u2013 vad s\u00e4ger de och vilken nytta g\u00f6r de?<\/span><\/a><\/p>\n","protected":false},"author":3,"featured_media":0,"comment_status":"closed","ping_status":"closed","sticky":false,"template":"","format":"standard","meta":{"footnotes":""},"categories":[1],"tags":[],"class_list":["post-5292","post","type-post","status-publish","format-standard","hentry","category-okategoriserade"],"_links":{"self":[{"href":"https:\/\/www.kfi.se\/wp-index.php\/wp-json\/wp\/v2\/posts\/5292"}],"collection":[{"href":"https:\/\/www.kfi.se\/wp-index.php\/wp-json\/wp\/v2\/posts"}],"about":[{"href":"https:\/\/www.kfi.se\/wp-index.php\/wp-json\/wp\/v2\/types\/post"}],"author":[{"embeddable":true,"href":"https:\/\/www.kfi.se\/wp-index.php\/wp-json\/wp\/v2\/users\/3"}],"replies":[{"embeddable":true,"href":"https:\/\/www.kfi.se\/wp-index.php\/wp-json\/wp\/v2\/comments?post=5292"}],"version-history":[{"count":2,"href":"https:\/\/www.kfi.se\/wp-index.php\/wp-json\/wp\/v2\/posts\/5292\/revisions"}],"predecessor-version":[{"id":5296,"href":"https:\/\/www.kfi.se\/wp-index.php\/wp-json\/wp\/v2\/posts\/5292\/revisions\/5296"}],"wp:attachment":[{"href":"https:\/\/www.kfi.se\/wp-index.php\/wp-json\/wp\/v2\/media?parent=5292"}],"wp:term":[{"taxonomy":"category","embeddable":true,"href":"https:\/\/www.kfi.se\/wp-index.php\/wp-json\/wp\/v2\/categories?post=5292"},{"taxonomy":"post_tag","embeddable":true,"href":"https:\/\/www.kfi.se\/wp-index.php\/wp-json\/wp\/v2\/tags?post=5292"}],"curies":[{"name":"wp","href":"https:\/\/api.w.org\/{rel}","templated":true}]}}