{"id":5301,"date":"2023-09-03T11:23:38","date_gmt":"2023-09-03T09:23:38","guid":{"rendered":"https:\/\/www.kfi.se\/wp-index.php\/?p=5301"},"modified":"2023-09-03T11:24:09","modified_gmt":"2023-09-03T09:24:09","slug":"kfi-dagen-24-november-2023","status":"publish","type":"post","link":"https:\/\/www.kfi.se\/wp-index.php\/2023\/09\/03\/kfi-dagen-24-november-2023\/","title":{"rendered":"KFi-dagen 24 november 2023"},"content":{"rendered":"<p><strong>KFi-dagen 24 november 2023<\/strong><\/p>\n<p>Vi forts\u00e4tter i \u00e5r traditionen med att f\u00f6lja den aktuella utvecklingen vad g\u00e4ller ledarskap, organisation och ekonomi i den kommunala sektorn. Ett tema som behandlas p\u00e5 \u00e5rets KFi-dag \u00e4r tillf\u00f6rlitlig styrning och organisering av v\u00e4lf\u00e4rden. Vi belyser ocks\u00e5 flera popul\u00e4ra teman som behandlats f\u00f6rut som styrning med ber\u00f6m och politikers perception av ekonomin. Vi \u00e5terv\u00e4nder ocks\u00e5 till forskning om skolan, denna g\u00e5ng med fokus p\u00e5 kundrollen. Likas\u00e5 ges reflektioner kring vad det finns f\u00f6r lokaliseringsutmaningar med offentlig service p\u00e5 landsbygden och hur man kan utforma styrning av h\u00e5llbarhet.<\/p>\n<p><strong>Centrala teman i \u00e5r \u00e4r: <\/strong><\/p>\n<ul>\n<li><strong>Tillf\u00f6rlitlig styrning och organisering av v\u00e4lf\u00e4rden <\/strong><\/li>\n<li><strong>Lokaliseringsutmaningar \u2013 offentlig service p\u00e5 landsbygden <\/strong><\/li>\n<li><strong>Politikers perception av ekonomin <\/strong><\/li>\n<li><strong>Kunder inom skolans verksamhet <\/strong><\/li>\n<\/ul>\n<p>&nbsp;<\/p>\n<p><strong><em>KFi-dagen \u00e4ger rum den 24\/11 p\u00e5 Scandic G\u00f6teborg Central\u00a0<\/em><\/strong><\/p>\n<p>&nbsp;<\/p>\n<p><a href=\"https:\/\/www.kfi.se\/wp-content\/uploads\/2023\/09\/KFi-dagen-2023.pdf\" target=\"_blank\" rel=\"noopener\"><strong>Inbjudan till KFi-dagen (PDF)<\/strong><\/a><\/p>\n<p>&nbsp;<\/p>\n<p>&nbsp;<\/p>\n<p>&nbsp;<\/p>\n","protected":false},"excerpt":{"rendered":"<p>KFi-dagen 24 november 2023 Vi forts\u00e4tter i \u00e5r traditionen med att f\u00f6lja den aktuella utvecklingen vad g\u00e4ller ledarskap, organisation och ekonomi i den kommunala sektorn. Ett tema som behandlas p\u00e5 \u00e5rets KFi-dag \u00e4r tillf\u00f6rlitlig styrning och organisering av v\u00e4lf\u00e4rden. Vi belyser ocks\u00e5 flera popul\u00e4ra teman som behandlats f\u00f6rut som styrning med ber\u00f6m och politikers perception &hellip; <a href=\"https:\/\/www.kfi.se\/wp-index.php\/2023\/09\/03\/kfi-dagen-24-november-2023\/\" class=\"more-link\">Forts\u00e4tt l\u00e4sa <span class=\"screen-reader-text\">KFi-dagen 24 november 2023<\/span><\/a><\/p>\n","protected":false},"author":3,"featured_media":0,"comment_status":"closed","ping_status":"closed","sticky":false,"template":"","format":"standard","meta":{"footnotes":""},"categories":[1],"tags":[],"class_list":["post-5301","post","type-post","status-publish","format-standard","hentry","category-okategoriserade"],"_links":{"self":[{"href":"https:\/\/www.kfi.se\/wp-index.php\/wp-json\/wp\/v2\/posts\/5301"}],"collection":[{"href":"https:\/\/www.kfi.se\/wp-index.php\/wp-json\/wp\/v2\/posts"}],"about":[{"href":"https:\/\/www.kfi.se\/wp-index.php\/wp-json\/wp\/v2\/types\/post"}],"author":[{"embeddable":true,"href":"https:\/\/www.kfi.se\/wp-index.php\/wp-json\/wp\/v2\/users\/3"}],"replies":[{"embeddable":true,"href":"https:\/\/www.kfi.se\/wp-index.php\/wp-json\/wp\/v2\/comments?post=5301"}],"version-history":[{"count":2,"href":"https:\/\/www.kfi.se\/wp-index.php\/wp-json\/wp\/v2\/posts\/5301\/revisions"}],"predecessor-version":[{"id":5304,"href":"https:\/\/www.kfi.se\/wp-index.php\/wp-json\/wp\/v2\/posts\/5301\/revisions\/5304"}],"wp:attachment":[{"href":"https:\/\/www.kfi.se\/wp-index.php\/wp-json\/wp\/v2\/media?parent=5301"}],"wp:term":[{"taxonomy":"category","embeddable":true,"href":"https:\/\/www.kfi.se\/wp-index.php\/wp-json\/wp\/v2\/categories?post=5301"},{"taxonomy":"post_tag","embeddable":true,"href":"https:\/\/www.kfi.se\/wp-index.php\/wp-json\/wp\/v2\/tags?post=5301"}],"curies":[{"name":"wp","href":"https:\/\/api.w.org\/{rel}","templated":true}]}}