{"id":5528,"date":"2023-11-10T17:05:20","date_gmt":"2023-11-10T16:05:20","guid":{"rendered":"https:\/\/www.kfi.se\/wp-index.php\/?p=5528"},"modified":"2023-11-10T17:05:20","modified_gmt":"2023-11-10T16:05:20","slug":"valkommen-till-redovisningsdagen-15-dec","status":"publish","type":"post","link":"https:\/\/www.kfi.se\/wp-index.php\/2023\/11\/10\/valkommen-till-redovisningsdagen-15-dec\/","title":{"rendered":"V\u00e4lkommen till Redovisningsdagen 15 dec !"},"content":{"rendered":"<p><strong>V\u00e4lkommen till Redovisningsdagen!<\/strong><\/p>\n<p>\u00c5rets redovisningsdag utg\u00e5r fr\u00e5n den nyligen publicerade KFi-rapporten, \u201dBed\u00f6md nyttjandeperiod av materiella anl\u00e4ggningstillg\u00e5ngar i kommunsektorn \u2013 en praxisunders\u00f6kning\u201d. Under seminariet kommer vi att f\u00f6rdjupa oss i praxis kring den bed\u00f6mda genomsnittliga nyttjandeperioden f\u00f6r respektive grupp av materiella anl\u00e4ggningstillg\u00e5ngar som f\u00f6rekommer i balansr\u00e4kningen. Vidare kommer vi att diskutera vilka upplysningar som vanligtvis l\u00e4mnas om hur den bed\u00f6mda nyttjandeperioden fastst\u00e4lls. Rapporten visar att det finns relativt stora variationer inom kommunsektorn n\u00e4r det g\u00e4ller vilka upplysningar som l\u00e4mnas. P\u00e5 seminariet kommer vi d\u00e4rf\u00f6r \u00e4ven att ta upp de faktorer som tenderar att f\u00f6rklara dessa skillnader.<\/p>\n<p><strong>Medverkande<br \/>\n<\/strong>Pierre Donatella, docent i offentlig f\u00f6rvaltning, arbetar som lektor p\u00e5 F\u00f6rvaltningsh\u00f6gskolan vid G\u00f6teborgs universitet samt \u00e4r \u00e4ven verksam p\u00e5 Kommunforskning i V\u00e4stsverige.<\/p>\n<p>Seminariet \u00e4ger rum den 15 december 2023, kl 11.00-12.00<\/p>\n<p><strong>N\u00e4r?<\/strong> 15 december kl 11.00\u201312.00. <strong>Anm\u00e4l dig senast den 13 december<\/strong><\/p>\n<p><strong>Var?<\/strong> Seminariet h\u00e5lls via Zoom, l\u00e4nk skickas per mail 14 december<\/p>\n<p><strong>Hur?<\/strong> Anm\u00e4l dig <a href=\"https:\/\/www.kfi.se\/wp-index.php\/anmalan-aktivitet\/\">h\u00e4r<\/a> eller via KFis hemsida www.kfi.se<\/p>\n<p><strong>Pris?<\/strong> Seminariet \u00e4r kostnadsfritt<\/p>\n<p>&nbsp;<\/p>\n<p><a href=\"https:\/\/www.kfi.se\/wp-content\/uploads\/2023\/11\/Inbjudan-Redovisningsdagen-2023.pdf\" target=\"_blank\" rel=\"noopener\">L\u00e4s mer om Redovisningsdagen h\u00e4r (PDF)<\/a><\/p>\n<p>&nbsp;<\/p>\n<p>&nbsp;<\/p>\n","protected":false},"excerpt":{"rendered":"<p>V\u00e4lkommen till Redovisningsdagen! \u00c5rets redovisningsdag utg\u00e5r fr\u00e5n den nyligen publicerade KFi-rapporten, \u201dBed\u00f6md nyttjandeperiod av materiella anl\u00e4ggningstillg\u00e5ngar i kommunsektorn \u2013 en praxisunders\u00f6kning\u201d. Under seminariet kommer vi att f\u00f6rdjupa oss i praxis kring den bed\u00f6mda genomsnittliga nyttjandeperioden f\u00f6r respektive grupp av materiella anl\u00e4ggningstillg\u00e5ngar som f\u00f6rekommer i balansr\u00e4kningen. Vidare kommer vi att diskutera vilka upplysningar som vanligtvis l\u00e4mnas &hellip; <a href=\"https:\/\/www.kfi.se\/wp-index.php\/2023\/11\/10\/valkommen-till-redovisningsdagen-15-dec\/\" class=\"more-link\">Forts\u00e4tt l\u00e4sa <span class=\"screen-reader-text\">V\u00e4lkommen till Redovisningsdagen 15 dec !<\/span><\/a><\/p>\n","protected":false},"author":3,"featured_media":0,"comment_status":"closed","ping_status":"closed","sticky":false,"template":"","format":"standard","meta":{"footnotes":""},"categories":[1],"tags":[],"class_list":["post-5528","post","type-post","status-publish","format-standard","hentry","category-okategoriserade"],"_links":{"self":[{"href":"https:\/\/www.kfi.se\/wp-index.php\/wp-json\/wp\/v2\/posts\/5528"}],"collection":[{"href":"https:\/\/www.kfi.se\/wp-index.php\/wp-json\/wp\/v2\/posts"}],"about":[{"href":"https:\/\/www.kfi.se\/wp-index.php\/wp-json\/wp\/v2\/types\/post"}],"author":[{"embeddable":true,"href":"https:\/\/www.kfi.se\/wp-index.php\/wp-json\/wp\/v2\/users\/3"}],"replies":[{"embeddable":true,"href":"https:\/\/www.kfi.se\/wp-index.php\/wp-json\/wp\/v2\/comments?post=5528"}],"version-history":[{"count":1,"href":"https:\/\/www.kfi.se\/wp-index.php\/wp-json\/wp\/v2\/posts\/5528\/revisions"}],"predecessor-version":[{"id":5530,"href":"https:\/\/www.kfi.se\/wp-index.php\/wp-json\/wp\/v2\/posts\/5528\/revisions\/5530"}],"wp:attachment":[{"href":"https:\/\/www.kfi.se\/wp-index.php\/wp-json\/wp\/v2\/media?parent=5528"}],"wp:term":[{"taxonomy":"category","embeddable":true,"href":"https:\/\/www.kfi.se\/wp-index.php\/wp-json\/wp\/v2\/categories?post=5528"},{"taxonomy":"post_tag","embeddable":true,"href":"https:\/\/www.kfi.se\/wp-index.php\/wp-json\/wp\/v2\/tags?post=5528"}],"curies":[{"name":"wp","href":"https:\/\/api.w.org\/{rel}","templated":true}]}}