{"id":6353,"date":"2025-02-05T11:22:58","date_gmt":"2025-02-05T10:22:58","guid":{"rendered":"https:\/\/www.kfi.se\/wp-index.php\/?p=6353"},"modified":"2025-02-05T11:22:58","modified_gmt":"2025-02-05T10:22:58","slug":"seminarium-om-klimatomstallning-11-mars-2025","status":"publish","type":"post","link":"https:\/\/www.kfi.se\/wp-index.php\/2025\/02\/05\/seminarium-om-klimatomstallning-11-mars-2025\/","title":{"rendered":"Seminarium om klimatomst\u00e4llning &#8211; 11 mars 2025"},"content":{"rendered":"<p><strong>Inbjudan till seminarium 11 mars 2025<\/strong><\/p>\n<p><strong>ATT MOBILISERA F\u00d6R SNABBARE KLIMATOMST\u00c4LLNING \u2013 STYRA OCH LEDA F\u00d6R\u00c4NDRING I EN OFULLST\u00c4NDIG V\u00c4RLD<\/strong><\/p>\n<p>Att svenska kommuner och regioner ska l\u00f6sa komplexa samh\u00e4llsutmaningar genom nyt\u00e4nkande och samverkan \u00e4r en vanlig uppfattning idag. M\u00e5nga initiativ beskrivs ocks\u00e5 som svar p\u00e5 utpr\u00e4glad fragmentisering och stupr\u00f6rst\u00e4nkande med bristande samordning, d\u00e4r b\u00e5de ensidighet och kortsiktighet hindrar arbetet med att l\u00e5ngsiktigt bygga ett robust samh\u00e4lle. Hur kan man organisera kapacitet f\u00f6r tredje generationens politikomr\u00e5de? P\u00e5 seminariet och med fokus p\u00e5 kommuners arbete med klimatomst\u00e4llning adresseras denna fr\u00e5ga.<\/p>\n<p><a href=\"https:\/\/www.kfi.se\/wp-content\/uploads\/2025\/02\/Seminarium-Christian-Klimatomstallning.pdf\" target=\"_blank\" rel=\"noopener\">L\u00e4s programmet h\u00e4r (PDF)\u00a0<\/a><\/p>\n<p>&nbsp;<\/p>\n<p><strong>Medverkande<\/strong><\/p>\n<p>Christian Jensen, docent, Handelsh\u00f6gskolan, G\u00f6teborgs universitet<\/p>\n<p><strong>\u00a0<\/strong><\/p>\n<p><strong>N\u00e4r?<\/strong> 11 mars kl. 12.00-13.00. <strong>Anm\u00e4l dig senast den 7 mars<\/strong><\/p>\n<p><strong>Var?<\/strong> Seminariet h\u00e5lls via Teams, l\u00e4nk skickas per mail den 10 mars<\/p>\n<p><strong>Hur?<\/strong> Anm\u00e4l dig <a href=\"https:\/\/www.kfi.se\/wp-index.php\/anmalan-aktivitet\/\">h\u00e4r<\/a> eller via KFi:s hemsida <a href=\"http:\/\/www.kfi.se\">www.kfi.se<\/a><\/p>\n<p><strong>Pris?<\/strong> Seminariet \u00e4r kostnadsfritt<\/p>\n<p>&nbsp;<\/p>\n<p><strong>Varmt v\u00e4lkomna !<\/strong><\/p>\n","protected":false},"excerpt":{"rendered":"<p>Inbjudan till seminarium 11 mars 2025 ATT MOBILISERA F\u00d6R SNABBARE KLIMATOMST\u00c4LLNING \u2013 STYRA OCH LEDA F\u00d6R\u00c4NDRING I EN OFULLST\u00c4NDIG V\u00c4RLD Att svenska kommuner och regioner ska l\u00f6sa komplexa samh\u00e4llsutmaningar genom nyt\u00e4nkande och samverkan \u00e4r en vanlig uppfattning idag. M\u00e5nga initiativ beskrivs ocks\u00e5 som svar p\u00e5 utpr\u00e4glad fragmentisering och stupr\u00f6rst\u00e4nkande med bristande samordning, d\u00e4r b\u00e5de ensidighet &hellip; <a href=\"https:\/\/www.kfi.se\/wp-index.php\/2025\/02\/05\/seminarium-om-klimatomstallning-11-mars-2025\/\" class=\"more-link\">Forts\u00e4tt l\u00e4sa <span class=\"screen-reader-text\">Seminarium om klimatomst\u00e4llning &#8211; 11 mars 2025<\/span><\/a><\/p>\n","protected":false},"author":3,"featured_media":0,"comment_status":"closed","ping_status":"closed","sticky":false,"template":"","format":"standard","meta":{"footnotes":""},"categories":[1],"tags":[],"class_list":["post-6353","post","type-post","status-publish","format-standard","hentry","category-okategoriserade"],"_links":{"self":[{"href":"https:\/\/www.kfi.se\/wp-index.php\/wp-json\/wp\/v2\/posts\/6353"}],"collection":[{"href":"https:\/\/www.kfi.se\/wp-index.php\/wp-json\/wp\/v2\/posts"}],"about":[{"href":"https:\/\/www.kfi.se\/wp-index.php\/wp-json\/wp\/v2\/types\/post"}],"author":[{"embeddable":true,"href":"https:\/\/www.kfi.se\/wp-index.php\/wp-json\/wp\/v2\/users\/3"}],"replies":[{"embeddable":true,"href":"https:\/\/www.kfi.se\/wp-index.php\/wp-json\/wp\/v2\/comments?post=6353"}],"version-history":[{"count":1,"href":"https:\/\/www.kfi.se\/wp-index.php\/wp-json\/wp\/v2\/posts\/6353\/revisions"}],"predecessor-version":[{"id":6355,"href":"https:\/\/www.kfi.se\/wp-index.php\/wp-json\/wp\/v2\/posts\/6353\/revisions\/6355"}],"wp:attachment":[{"href":"https:\/\/www.kfi.se\/wp-index.php\/wp-json\/wp\/v2\/media?parent=6353"}],"wp:term":[{"taxonomy":"category","embeddable":true,"href":"https:\/\/www.kfi.se\/wp-index.php\/wp-json\/wp\/v2\/categories?post=6353"},{"taxonomy":"post_tag","embeddable":true,"href":"https:\/\/www.kfi.se\/wp-index.php\/wp-json\/wp\/v2\/tags?post=6353"}],"curies":[{"name":"wp","href":"https:\/\/api.w.org\/{rel}","templated":true}]}}