{"id":6406,"date":"2025-03-06T13:37:51","date_gmt":"2025-03-06T12:37:51","guid":{"rendered":"https:\/\/www.kfi.se\/wp-index.php\/?p=6406"},"modified":"2025-03-06T13:37:57","modified_gmt":"2025-03-06T12:37:57","slug":"seminarium-4-april-2025-det-ar-for-manga-administratorer-och-de-forstar-ingenting","status":"publish","type":"post","link":"https:\/\/www.kfi.se\/wp-index.php\/2025\/03\/06\/seminarium-4-april-2025-det-ar-for-manga-administratorer-och-de-forstar-ingenting\/","title":{"rendered":"Seminarium 4 april 2025 &#8211; \u00a0\u201dDET \u00c4R F\u00d6R M\u00c5NGA ADMINISTRAT\u00d6RER OCH DE F\u00d6RST\u00c5R INGENTING\u201d"},"content":{"rendered":"<p><strong>Inbjudan till seminarium 4 april 2025<\/strong><\/p>\n<p><a href=\"https:\/\/www.kfi.se\/wp-content\/uploads\/2025\/03\/Seminarium-Ingrid-For-manga-administratorer.pdf\" target=\"_blank\" rel=\"noopener\"><strong>L\u00e4s inbjudan som PDF<\/strong><\/a><\/p>\n<p>&nbsp;<\/p>\n<p><strong>\u00a0\u201dDET \u00c4R F\u00d6R M\u00c5NGA ADMINISTRAT\u00d6RER OCH DE F\u00d6RST\u00c5R INGENTING\u201d <\/strong><\/p>\n<p><strong>ETT SEMINARIUM OM SP\u00c4NNINGAR OCH MOTS\u00c4TTNINGAR MELLAN ADMINISTRATIV OCH KLINISK PERSONAL I H\u00c4LSO- OCH SJUKV\u00c5RDEN <\/strong><\/p>\n<p>P\u00e5 senare \u00e5r har offentliga organisationer sett en \u00f6kning av s\u00e5 kallad \u2019administrativ\u2019 personal. P\u00e5 samma g\u00e5ng som h\u00f6gt utbildade \u2019administrat\u00f6rer\u2019 f\u00f6rv\u00e4ntas bidra till organisationens m\u00e5l, ifr\u00e5gas\u00e4tts ocks\u00e5 deras v\u00e4rde och nytta. I och med detta s\u00e5 har sp\u00e4nningar och mots\u00e4ttningar mellan fr\u00e4mst de som arbetar med k\u00e4rnverksamheten och de som arbetar med att organisera densamma \u00f6kat. Vad inneb\u00e4r d\u00e5 dessa \u00f6kade sp\u00e4nningar och mots\u00e4ttningar i praktiken?<\/p>\n<p>Ingrid Svensson kommer att\u00a0ber\u00e4tta om ett projekt som syftar till att \u00f6ka f\u00f6rst\u00e5elsen f\u00f6r hur b\u00e5de yrkes- och organisations professionella \u00e4r med och konstruerar sp\u00e4nningar och mots\u00e4ttningar dem emellan i sin arbetsvardag samt vilka organisatoriska konsekvenser dessa sp\u00e4nningar och mots\u00e4ttningar skapar. Konsekvenserna relaterar b\u00e5de till organisationen i stort men \u00e4ven till individuella arbetstagares arbetsliv.<\/p>\n<p><strong>Medverkande<\/strong><\/p>\n<p>Ingrid Svensson, fil. dr., Karolinska institutet<\/p>\n<p>&nbsp;<\/p>\n<p><strong>N\u00e4r?<\/strong> 4 april kl. 12.00-13.00. <strong>Anm\u00e4l dig senast den 2 april<\/strong><\/p>\n<p><strong>Var?<\/strong> Seminariet h\u00e5lls p\u00e5 Teams, l\u00e4nk skickas via mail den 3 april<\/p>\n<p><strong>Hur?<\/strong> Anm\u00e4l dig <a href=\"https:\/\/www.kfi.se\/wp-index.php\/anmalan-aktivitet\/\">h\u00e4r<\/a> eller via KFi:s hemsida <a href=\"http:\/\/www.kfi.se\">www.kfi.se<\/a><\/p>\n<p><strong>Pris?<\/strong> Seminariet \u00e4r kostnadsfritt<\/p>\n<p>&nbsp;<\/p>\n<p>&nbsp;<\/p>\n","protected":false},"excerpt":{"rendered":"<p>Inbjudan till seminarium 4 april 2025 L\u00e4s inbjudan som PDF &nbsp; \u00a0\u201dDET \u00c4R F\u00d6R M\u00c5NGA ADMINISTRAT\u00d6RER OCH DE F\u00d6RST\u00c5R INGENTING\u201d ETT SEMINARIUM OM SP\u00c4NNINGAR OCH MOTS\u00c4TTNINGAR MELLAN ADMINISTRATIV OCH KLINISK PERSONAL I H\u00c4LSO- OCH SJUKV\u00c5RDEN P\u00e5 senare \u00e5r har offentliga organisationer sett en \u00f6kning av s\u00e5 kallad \u2019administrativ\u2019 personal. P\u00e5 samma g\u00e5ng som h\u00f6gt utbildade &hellip; <a href=\"https:\/\/www.kfi.se\/wp-index.php\/2025\/03\/06\/seminarium-4-april-2025-det-ar-for-manga-administratorer-och-de-forstar-ingenting\/\" class=\"more-link\">Forts\u00e4tt l\u00e4sa <span class=\"screen-reader-text\">Seminarium 4 april 2025 &#8211; \u00a0\u201dDET \u00c4R F\u00d6R M\u00c5NGA ADMINISTRAT\u00d6RER OCH DE F\u00d6RST\u00c5R INGENTING\u201d<\/span><\/a><\/p>\n","protected":false},"author":3,"featured_media":0,"comment_status":"closed","ping_status":"closed","sticky":false,"template":"","format":"standard","meta":{"footnotes":""},"categories":[1],"tags":[],"class_list":["post-6406","post","type-post","status-publish","format-standard","hentry","category-okategoriserade"],"_links":{"self":[{"href":"https:\/\/www.kfi.se\/wp-index.php\/wp-json\/wp\/v2\/posts\/6406"}],"collection":[{"href":"https:\/\/www.kfi.se\/wp-index.php\/wp-json\/wp\/v2\/posts"}],"about":[{"href":"https:\/\/www.kfi.se\/wp-index.php\/wp-json\/wp\/v2\/types\/post"}],"author":[{"embeddable":true,"href":"https:\/\/www.kfi.se\/wp-index.php\/wp-json\/wp\/v2\/users\/3"}],"replies":[{"embeddable":true,"href":"https:\/\/www.kfi.se\/wp-index.php\/wp-json\/wp\/v2\/comments?post=6406"}],"version-history":[{"count":1,"href":"https:\/\/www.kfi.se\/wp-index.php\/wp-json\/wp\/v2\/posts\/6406\/revisions"}],"predecessor-version":[{"id":6408,"href":"https:\/\/www.kfi.se\/wp-index.php\/wp-json\/wp\/v2\/posts\/6406\/revisions\/6408"}],"wp:attachment":[{"href":"https:\/\/www.kfi.se\/wp-index.php\/wp-json\/wp\/v2\/media?parent=6406"}],"wp:term":[{"taxonomy":"category","embeddable":true,"href":"https:\/\/www.kfi.se\/wp-index.php\/wp-json\/wp\/v2\/categories?post=6406"},{"taxonomy":"post_tag","embeddable":true,"href":"https:\/\/www.kfi.se\/wp-index.php\/wp-json\/wp\/v2\/tags?post=6406"}],"curies":[{"name":"wp","href":"https:\/\/api.w.org\/{rel}","templated":true}]}}