{"id":6469,"date":"2025-04-29T15:45:46","date_gmt":"2025-04-29T13:45:46","guid":{"rendered":"https:\/\/www.kfi.se\/wp-index.php\/?p=6469"},"modified":"2025-04-29T15:45:46","modified_gmt":"2025-04-29T13:45:46","slug":"seminarium-om-budget-i-kommuner-och-regioner-16-maj-2025","status":"publish","type":"post","link":"https:\/\/www.kfi.se\/wp-index.php\/2025\/04\/29\/seminarium-om-budget-i-kommuner-och-regioner-16-maj-2025\/","title":{"rendered":"Seminarium om budget i kommuner och regioner &#8211; 16 maj 2025"},"content":{"rendered":"<p><strong>Inbjudan till seminarium 16 maj 2025<\/strong><\/p>\n<p><a href=\"https:\/\/www.kfi.se\/wp-content\/uploads\/2025\/04\/Seminarium-Pierre-budgetregler.pdf\" target=\"_blank\" rel=\"noopener\">L\u00e4s inbjudan som PDF<\/a><\/p>\n<p><strong>NY KUNSKAPS\u00d6VERSIKT OM BUDGET I KOMMUNER OCH REGIONER<\/strong><\/p>\n<p>V\u00e4lkommen till ett lunchseminarium d\u00e4r vi presenterar en ny kunskaps\u00f6versikt om budgetregler i kommuner och regioner. Kunskaps\u00f6versikten ger en aktuell genomg\u00e5ng av kunskapsl\u00e4get kring budgetregler, med fokus p\u00e5 deras utformning, till\u00e4mpning och effekter. Den inneh\u00e5ller \u00e4ven en internationell utblick med l\u00e4rdomar fr\u00e5n andra nordiska och europeiska l\u00e4nder. Seminariet avslutas med en paneldiskussion.<\/p>\n<p><strong>Under seminariet behandlas:<\/strong><\/p>\n<ul>\n<li>Svenska kommuners och regioners arbete med balanskravet och god ekonomisk hush\u00e5llning.<\/li>\n<li>Till\u00e4mpningsproblem, s\u00e5som anv\u00e4ndningen av synnerliga sk\u00e4l och finansiella tumregler.<\/li>\n<li>Bel\u00f6nings- och sanktionsmekanismer i budgetregler \u2013 erfarenheter fr\u00e5n andra europeiska l\u00e4nder.<\/li>\n<li>Forskningsluckor och behovet av uppdaterad kunskap om budgetreglernas effekter.<\/li>\n<\/ul>\n<p>&nbsp;<\/p>\n<p><strong>Medverkande<\/strong><\/p>\n<p><strong>Pierre Donatella<\/strong>, docent, F\u00f6rvaltningsh\u00f6gskolan och Kommunforskning i V\u00e4stsverige<\/p>\n<p><strong>Emil Gisslow<\/strong>, tf ekonomidirekt\u00f6r, V\u00e4stra G\u00f6talandsregionen och styrelseledamot Kommunforskning i V\u00e4stsverige<\/p>\n<p>&nbsp;<\/p>\n<p><strong>N\u00e4r?<\/strong> 16 maj kl. 12.00-13.00. <strong>Anm\u00e4l dig senast den 14 maj<\/strong><\/p>\n<p><strong>Var? <\/strong>Seminariet h\u00e5lls p\u00e5 Teams, l\u00e4nk skickas via mail den 15 maj<\/p>\n<p><strong>Hur? <\/strong>Anm\u00e4l dig via KFis hemsida www.kfi.se<\/p>\n<p><strong>Pris? <\/strong>Seminariet \u00e4r kostnadsfritt<\/p>\n<p>&nbsp;<\/p>\n","protected":false},"excerpt":{"rendered":"<p>Inbjudan till seminarium 16 maj 2025 L\u00e4s inbjudan som PDF NY KUNSKAPS\u00d6VERSIKT OM BUDGET I KOMMUNER OCH REGIONER V\u00e4lkommen till ett lunchseminarium d\u00e4r vi presenterar en ny kunskaps\u00f6versikt om budgetregler i kommuner och regioner. Kunskaps\u00f6versikten ger en aktuell genomg\u00e5ng av kunskapsl\u00e4get kring budgetregler, med fokus p\u00e5 deras utformning, till\u00e4mpning och effekter. Den inneh\u00e5ller \u00e4ven en &hellip; <a href=\"https:\/\/www.kfi.se\/wp-index.php\/2025\/04\/29\/seminarium-om-budget-i-kommuner-och-regioner-16-maj-2025\/\" class=\"more-link\">Forts\u00e4tt l\u00e4sa <span class=\"screen-reader-text\">Seminarium om budget i kommuner och regioner &#8211; 16 maj 2025<\/span><\/a><\/p>\n","protected":false},"author":3,"featured_media":0,"comment_status":"closed","ping_status":"closed","sticky":false,"template":"","format":"standard","meta":{"footnotes":""},"categories":[1],"tags":[],"class_list":["post-6469","post","type-post","status-publish","format-standard","hentry","category-okategoriserade"],"_links":{"self":[{"href":"https:\/\/www.kfi.se\/wp-index.php\/wp-json\/wp\/v2\/posts\/6469"}],"collection":[{"href":"https:\/\/www.kfi.se\/wp-index.php\/wp-json\/wp\/v2\/posts"}],"about":[{"href":"https:\/\/www.kfi.se\/wp-index.php\/wp-json\/wp\/v2\/types\/post"}],"author":[{"embeddable":true,"href":"https:\/\/www.kfi.se\/wp-index.php\/wp-json\/wp\/v2\/users\/3"}],"replies":[{"embeddable":true,"href":"https:\/\/www.kfi.se\/wp-index.php\/wp-json\/wp\/v2\/comments?post=6469"}],"version-history":[{"count":1,"href":"https:\/\/www.kfi.se\/wp-index.php\/wp-json\/wp\/v2\/posts\/6469\/revisions"}],"predecessor-version":[{"id":6471,"href":"https:\/\/www.kfi.se\/wp-index.php\/wp-json\/wp\/v2\/posts\/6469\/revisions\/6471"}],"wp:attachment":[{"href":"https:\/\/www.kfi.se\/wp-index.php\/wp-json\/wp\/v2\/media?parent=6469"}],"wp:term":[{"taxonomy":"category","embeddable":true,"href":"https:\/\/www.kfi.se\/wp-index.php\/wp-json\/wp\/v2\/categories?post=6469"},{"taxonomy":"post_tag","embeddable":true,"href":"https:\/\/www.kfi.se\/wp-index.php\/wp-json\/wp\/v2\/tags?post=6469"}],"curies":[{"name":"wp","href":"https:\/\/api.w.org\/{rel}","templated":true}]}}