{"id":7031,"date":"2026-03-19T21:52:34","date_gmt":"2026-03-19T20:52:34","guid":{"rendered":"https:\/\/www.kfi.se\/wp-index.php\/?p=7031"},"modified":"2026-03-19T21:52:34","modified_gmt":"2026-03-19T20:52:34","slug":"kfi-dagen-20-november-2026","status":"publish","type":"post","link":"https:\/\/www.kfi.se\/wp-index.php\/2026\/03\/19\/kfi-dagen-20-november-2026\/","title":{"rendered":"KFi-dagen &#8211; 20 november 2026"},"content":{"rendered":"<p><strong>KFi-dagen &#8211; 20 november 2026\u00a0<\/strong><\/p>\n<p><a href=\"https:\/\/www.kfi.se\/wp-content\/uploads\/2026\/03\/KFi-dag-save-the-date-1.pdf\" target=\"_blank\" rel=\"noopener\">I<span style=\"font-family: 'Noto Sans', sans-serif; font-size: 16px; font-style: normal; font-weight: 400;\">nbjudan till KFi-dagen som PDF<\/span><\/a><\/p>\n<p>Vi forts\u00e4tter i \u00e5r traditionen<span style=\"font-size: 16px;\">\u00a0med att f\u00f6lja den aktuella utvecklingen vad g\u00e4ller ledarskap, organisation och ekonomi i den kommunala sektorn.<\/span><\/p>\n<p>Dagen kommer bland annat att inneh\u00e5lla sp\u00e4nnande f\u00f6rel\u00e4sningar och givande diskussioner kring f\u00f6ljande \u00e4mnen:<\/p>\n<p>Kommunpolitikens geografiska dimension: partipolitik och platsbaserat missn\u00f6je<br \/>\nDavid Karlsson, professor<br \/>\nF\u00f6rvaltningsh\u00f6gskolan, G\u00f6teborgs universitet<\/p>\n<p>Allt du velat veta om m\u00e5lstyrning!<br \/>\nGustaf Kastberg Weichselberger, professor<br \/>\nF\u00f6rvaltningsh\u00f6gskolan, G\u00f6teborgs universitet<\/p>\n<p>Effekthemtagning av digitala satsningar \u2013 insikter och utmaningar<br \/>\nJohanna Thalenius, doktorand<br \/>\nF\u00f6rvaltningsh\u00f6gskolan, G\u00f6teborgs universitet<\/p>\n<p>Val i USA och Sverige 2026. Vad s\u00e4ger resultaten om tidsandan?<br \/>\nS\u00f6ren Holmberg, seniorprofessor<br \/>\nStatsvetenskapliga institutionen, G\u00f6teborgs universitet, SOM-institutet<\/p>\n<p>Vi hoppas att du under trevliga former vill tr\u00e4ffas och utbyta erfarenheter<br \/>\nmed kollegor och medverkande forskare!<\/p>\n<p>N\u00e4r? 20 november 2026. Anm\u00e4l dig senast 6 november.<br \/>\nVar? Elit Park Avenue Hotel, Kungsportsavenyn 36-38, G\u00f6teborg<br \/>\nHur? Anm\u00e4l dig via KFi:s hemsida<br \/>\nPris? Priset f\u00f6r KFi-dagen \u00e4r 500 kr exkl. moms. Kaffe och lunch ing\u00e5r.<\/p>\n<p><strong>Varmt v\u00e4lkommen!<\/strong><\/p>\n","protected":false},"excerpt":{"rendered":"<p>KFi-dagen &#8211; 20 november 2026\u00a0 Inbjudan till KFi-dagen som PDF Vi forts\u00e4tter i \u00e5r traditionen\u00a0med att f\u00f6lja den aktuella utvecklingen vad g\u00e4ller ledarskap, organisation och ekonomi i den kommunala sektorn. Dagen kommer bland annat att inneh\u00e5lla sp\u00e4nnande f\u00f6rel\u00e4sningar och givande diskussioner kring f\u00f6ljande \u00e4mnen: Kommunpolitikens geografiska dimension: partipolitik och platsbaserat missn\u00f6je David Karlsson, professor F\u00f6rvaltningsh\u00f6gskolan, &hellip; <a href=\"https:\/\/www.kfi.se\/wp-index.php\/2026\/03\/19\/kfi-dagen-20-november-2026\/\" class=\"more-link\">Forts\u00e4tt l\u00e4sa <span class=\"screen-reader-text\">KFi-dagen &#8211; 20 november 2026<\/span><\/a><\/p>\n","protected":false},"author":3,"featured_media":0,"comment_status":"closed","ping_status":"closed","sticky":false,"template":"","format":"standard","meta":{"footnotes":""},"categories":[1],"tags":[],"class_list":["post-7031","post","type-post","status-publish","format-standard","hentry","category-okategoriserade"],"_links":{"self":[{"href":"https:\/\/www.kfi.se\/wp-index.php\/wp-json\/wp\/v2\/posts\/7031"}],"collection":[{"href":"https:\/\/www.kfi.se\/wp-index.php\/wp-json\/wp\/v2\/posts"}],"about":[{"href":"https:\/\/www.kfi.se\/wp-index.php\/wp-json\/wp\/v2\/types\/post"}],"author":[{"embeddable":true,"href":"https:\/\/www.kfi.se\/wp-index.php\/wp-json\/wp\/v2\/users\/3"}],"replies":[{"embeddable":true,"href":"https:\/\/www.kfi.se\/wp-index.php\/wp-json\/wp\/v2\/comments?post=7031"}],"version-history":[{"count":1,"href":"https:\/\/www.kfi.se\/wp-index.php\/wp-json\/wp\/v2\/posts\/7031\/revisions"}],"predecessor-version":[{"id":7033,"href":"https:\/\/www.kfi.se\/wp-index.php\/wp-json\/wp\/v2\/posts\/7031\/revisions\/7033"}],"wp:attachment":[{"href":"https:\/\/www.kfi.se\/wp-index.php\/wp-json\/wp\/v2\/media?parent=7031"}],"wp:term":[{"taxonomy":"category","embeddable":true,"href":"https:\/\/www.kfi.se\/wp-index.php\/wp-json\/wp\/v2\/categories?post=7031"},{"taxonomy":"post_tag","embeddable":true,"href":"https:\/\/www.kfi.se\/wp-index.php\/wp-json\/wp\/v2\/tags?post=7031"}],"curies":[{"name":"wp","href":"https:\/\/api.w.org\/{rel}","templated":true}]}}